{"id":235902,"date":"2022-02-10T07:23:30","date_gmt":"2022-02-10T06:23:30","guid":{"rendered":"https:\/\/zjarr.tv\/?p=235902"},"modified":"2022-02-10T07:23:30","modified_gmt":"2022-02-10T06:23:30","slug":"ministri-peleshi-zbulon-pse-i-duhen-shqiperise-satelitet-albania-1-dhe-2-do-te-zbulojne-parcelat-me-kanabis","status":"publish","type":"post","link":"https:\/\/zjarr.tv\/en\/ministri-peleshi-zbulon-pse-i-duhen-shqiperise-satelitet-albania-1-dhe-2-do-te-zbulojne-parcelat-me-kanabis\/","title":{"rendered":"Ministri Peleshi zbulon pse i duhen Shqip\u00ebris\u00eb satelit\u00ebt \u201cAlbania 1\u201d dhe \u201c2\u201d: Do t\u00eb zbulojn\u00eb parcelat me kanabis"},"content":{"rendered":"<p>Ministri i Mbrojtjes Niko Peleshi ka folur mbr\u00ebmjen e djeshmme p\u00ebr satelit\u00ebt \u201cAlbania 1\u201d dhe \u201cAlbania 2\u201d, duke th\u00ebn\u00eb se do t\u00eb jen\u00eb multifunksional.<\/p>\n<p>Peleshi tha n\u00eb nj\u00eb intervist\u00eb p\u00ebr \u201cEurone\u00ebs Albania\u201d se ata do t\u2019i sh\u00ebrbejn\u00eb ministris\u00eb s\u00eb Mbrojtjes p\u00ebr t\u00eb par\u00eb parcelat e kanabisit, ministris\u00eb s\u00eb Bujq\u00ebsis\u00eb p\u00ebr t\u00eb monitoruar tokat bujq\u00ebsore dhe gjithashtu p\u00ebr t\u00eb pasur imazhe t\u00eb qarta n\u00eb rast emergjencash civile.<\/p>\n<p>Ai tha se satelit\u00ebt u prit\u00ebn me meme, por nuk \u00ebsht\u00eb di\u00e7ka e madhe, as nga emri, as nga buxheti.<\/p>\n<p>Sipas ministrit t\u00eb Mbrojtjes po punohet p\u00ebr t\u00eb p\u00ebrcaktuar struktur\u00ebn q\u00eb do menaxhoj\u00eb satelit\u00ebt. Deri tani kan\u00eb n\u00eb dispozicion nj\u00eb baz\u00eb t\u00eb mir\u00eb t\u00eb p\u00ebrpunimit t\u00eb imazhit.<\/p>\n<p>\u201cB\u00ebhet fjal\u00eb p\u00ebr nj\u00eb sh\u00ebrbim t\u00eb imazheve satelitore q\u00eb i merr n\u00eb m\u00ebnyr\u00eb periodike dhe t\u00eb porositura\u201d, sqaroi Peleshi.<\/p>","protected":false},"excerpt":{"rendered":"<p>Ministri i Mbrojtjes Niko Peleshi ka folur mbr\u00ebmjen e djeshmme p\u00ebr satelit\u00ebt \u201cAlbania 1\u201d dhe \u201cAlbania 2\u201d, duke th\u00ebn\u00eb se do t\u00eb jen\u00eb multifunksional. Peleshi tha n\u00eb nj\u00eb intervist\u00eb p\u00ebr \u201cEurone\u00ebs Albania\u201d se ata do t\u2019i sh\u00ebrbejn\u00eb ministris\u00eb s\u00eb Mbrojtjes p\u00ebr t\u00eb par\u00eb parcelat e kanabisit, ministris\u00eb s\u00eb Bujq\u00ebsis\u00eb p\u00ebr t\u00eb monitoruar tokat bujq\u00ebsore dhe [&hellip;]<\/p>\n","protected":false},"author":2031,"featured_media":159205,"comment_status":"closed","ping_status":"closed","sticky":false,"template":"","format":"standard","meta":{"footnotes":""},"categories":[231,235],"tags":[],"class_list":{"0":"post-235902","1":"post","2":"type-post","3":"status-publish","4":"format-standard","5":"has-post-thumbnail","7":"category-lajme","8":"category-vendi"},"_links":{"self":[{"href":"https:\/\/zjarr.tv\/en\/wp-json\/wp\/v2\/posts\/235902","targetHints":{"allow":["GET"]}}],"collection":[{"href":"https:\/\/zjarr.tv\/en\/wp-json\/wp\/v2\/posts"}],"about":[{"href":"https:\/\/zjarr.tv\/en\/wp-json\/wp\/v2\/types\/post"}],"author":[{"embeddable":true,"href":"https:\/\/zjarr.tv\/en\/wp-json\/wp\/v2\/users\/2031"}],"replies":[{"embeddable":true,"href":"https:\/\/zjarr.tv\/en\/wp-json\/wp\/v2\/comments?post=235902"}],"version-history":[{"count":0,"href":"https:\/\/zjarr.tv\/en\/wp-json\/wp\/v2\/posts\/235902\/revisions"}],"wp:featuredmedia":[{"embeddable":true,"href":"https:\/\/zjarr.tv\/en\/wp-json\/wp\/v2\/media\/159205"}],"wp:attachment":[{"href":"https:\/\/zjarr.tv\/en\/wp-json\/wp\/v2\/media?parent=235902"}],"wp:term":[{"taxonomy":"category","embeddable":true,"href":"https:\/\/zjarr.tv\/en\/wp-json\/wp\/v2\/categories?post=235902"},{"taxonomy":"post_tag","embeddable":true,"href":"https:\/\/zjarr.tv\/en\/wp-json\/wp\/v2\/tags?post=235902"}],"curies":[{"name":"wp","href":"https:\/\/api.w.org\/{rel}","templated":true}]}}