{"id":236261,"date":"2022-02-11T13:08:43","date_gmt":"2022-02-11T12:08:43","guid":{"rendered":"https:\/\/zjarr.tv\/?p=236261"},"modified":"2022-02-11T13:08:43","modified_gmt":"2022-02-11T12:08:43","slug":"koncesionari-mori-leket-dhe-nuk-ben-incenerimin-e-mbetjeve-zhupa-bashkia-e-tiranes-e-dyfishoi-koston-e-pastrimit-te-qytetit","status":"publish","type":"post","link":"https:\/\/zjarr.tv\/en\/koncesionari-mori-leket-dhe-nuk-ben-incenerimin-e-mbetjeve-zhupa-bashkia-e-tiranes-e-dyfishoi-koston-e-pastrimit-te-qytetit\/","title":{"rendered":"\u201cKoncesionari mori lek\u00ebt dhe nuk b\u00ebn incenerimin e mbetjeve\u201d, Zhupa: Bashkia e Tiranes e dyfishoi koston e pastrimit t\u00eb qytetit"},"content":{"rendered":"<p>Vijojn\u00eb diskutimet n\u00eb mbledhjen e radh\u00ebs n\u00eb Komisionin Hetimor Paralamentar p\u00ebr trajtimin e mbetjeve me fokus inceneratorin e Tiran\u00ebs.<\/p>\n<p>Gjat\u00eb fjal\u00ebs s\u00eb saj deputetja e PD Ina Zhupa ka th\u00ebn\u00eb se inceneratori i ka marr\u00eb lek\u00ebt brenda nat\u00ebs. Landfilli ka qen\u00eb funksional m\u00eb par\u00eb por sapo i kaloi koncesionarit, pagesa q\u00eb duhet t\u00eb b\u00ebnin qytetar\u00ebt ndryshoi.<\/p>\n<p>Ajo shtoi se Bashkia e Tiranes e dyfishoi koston e pastrimit te qytetit qe kur \u201cSharren\u201d e mori koncensionari.<\/p>\n<p>\u201cInceneratori i ka marr\u00eb parat brenda nates. Landfilli ka qen\u00eb funksional me par\u00eb , por sapo i kaloi koncensionarit ndryshoi pagesa qe qytetaret duhet te benin per incenerimin e mbetjeve, i cili as sot nuk ben inicenerimin e mbetjeve. Leja zhvillimore eshte dhen\u00eb pas dy vitesht qe aty pranoheshin mbetjet.<\/p>\n<p>Bashkia e Tiranes e dyfishoi koston e pastrimit te qytetit qe kur \u201cSharren\u201d e mori koncensionari\u201c- u shpreh Zhupa.<\/p>","protected":false},"excerpt":{"rendered":"<p>Vijojn\u00eb diskutimet n\u00eb mbledhjen e radh\u00ebs n\u00eb Komisionin Hetimor Paralamentar p\u00ebr trajtimin e mbetjeve me fokus inceneratorin e Tiran\u00ebs. Gjat\u00eb fjal\u00ebs s\u00eb saj deputetja e PD Ina Zhupa ka th\u00ebn\u00eb se inceneratori i ka marr\u00eb lek\u00ebt brenda nat\u00ebs. Landfilli ka qen\u00eb funksional m\u00eb par\u00eb por sapo i kaloi koncesionarit, pagesa q\u00eb duhet t\u00eb b\u00ebnin qytetar\u00ebt [&hellip;]<\/p>\n","protected":false},"author":2020,"featured_media":236265,"comment_status":"closed","ping_status":"closed","sticky":false,"template":"","format":"standard","meta":{"footnotes":""},"categories":[241,5380,231],"tags":[],"class_list":{"0":"post-236261","1":"post","2":"type-post","3":"status-publish","4":"format-standard","5":"has-post-thumbnail","7":"category-aktualitet","8":"category-kryesore","9":"category-lajme"},"_links":{"self":[{"href":"https:\/\/zjarr.tv\/en\/wp-json\/wp\/v2\/posts\/236261","targetHints":{"allow":["GET"]}}],"collection":[{"href":"https:\/\/zjarr.tv\/en\/wp-json\/wp\/v2\/posts"}],"about":[{"href":"https:\/\/zjarr.tv\/en\/wp-json\/wp\/v2\/types\/post"}],"author":[{"embeddable":true,"href":"https:\/\/zjarr.tv\/en\/wp-json\/wp\/v2\/users\/2020"}],"replies":[{"embeddable":true,"href":"https:\/\/zjarr.tv\/en\/wp-json\/wp\/v2\/comments?post=236261"}],"version-history":[{"count":0,"href":"https:\/\/zjarr.tv\/en\/wp-json\/wp\/v2\/posts\/236261\/revisions"}],"wp:featuredmedia":[{"embeddable":true,"href":"https:\/\/zjarr.tv\/en\/wp-json\/wp\/v2\/media\/236265"}],"wp:attachment":[{"href":"https:\/\/zjarr.tv\/en\/wp-json\/wp\/v2\/media?parent=236261"}],"wp:term":[{"taxonomy":"category","embeddable":true,"href":"https:\/\/zjarr.tv\/en\/wp-json\/wp\/v2\/categories?post=236261"},{"taxonomy":"post_tag","embeddable":true,"href":"https:\/\/zjarr.tv\/en\/wp-json\/wp\/v2\/tags?post=236261"}],"curies":[{"name":"wp","href":"https:\/\/api.w.org\/{rel}","templated":true}]}}