{"id":236299,"date":"2022-02-11T14:00:11","date_gmt":"2022-02-11T13:00:11","guid":{"rendered":"https:\/\/zjarr.tv\/?p=236299"},"modified":"2022-02-11T14:00:11","modified_gmt":"2022-02-11T13:00:11","slug":"spahia-pd-e-shkodres-e-zgjodhi-me-vote-kandidatin-e-saj-pakica-mori-te-emeruarin-nga-basha","status":"publish","type":"post","link":"https:\/\/zjarr.tv\/en\/spahia-pd-e-shkodres-e-zgjodhi-me-vote-kandidatin-e-saj-pakica-mori-te-emeruarin-nga-basha\/","title":{"rendered":"Spahia: PD e Shkodr\u00ebs e zgjodhi me vot\u00eb kandidatin e saj, pakica mori t\u00eb em\u00ebruarin nga Basha"},"content":{"rendered":"<p>Bardh Spahia, kandidati i Komisionit t\u00eb Rithemelimit t\u00eb PD-s\u00eb, e ka shpjeguar edhe m\u00eb qart\u00eb arsyen pse ai do t\u00eb arrij\u00eb t\u2019i mbledh\u00eb votat e t\u00eb gjith\u00eb demokrat\u00ebve t\u00eb Shkodr\u00ebs n\u00eb zgjedhjet e pjessshme t\u00eb 6 Marsit, p\u00ebrkund\u00ebr edhe kandidatit t\u00eb em\u00ebruar nga Lulzim Basha, Xhemal Bushatit.<\/p>\n<p>\u201cSi do t\u00eb arrini zoti Spahia t\u00eb bashkoni t\u00eb gjith\u00eb Partin\u00eb Demokratike n\u00eb Shkod\u00ebr, sepse keni dy kandidat\u00eb? \u2013 ishte pyetja tjet\u00ebr q\u00eb iu b\u00eb mbr\u00ebm\u00eb n\u00eb emisionin \u201cDekalog\u201d n\u00eb RTSH. \u2013\u00a0 \u00cbsht\u00eb e p\u00ebr\u00e7ar\u00eb dhe ka mjaft probleme PD-ja e Shkodr\u00ebs, pra si do t\u00eb arrini t\u00eb bashkoni votat q\u00eb\u00a0 t\u00eb shkojn\u00eb p\u00ebr Bardh Spahin\u00eb?\u201d<\/p>\n<p>N\u00eb k\u00ebt\u00eb rast, Spahia vuri p\u00ebrball\u00eb vetes jo Xhemal Bushatin, p\u00ebr t\u00eb zgjedhurin me vota dhe t\u00eb em\u00ebruarin nga Basha.<\/p>\n<p>Q\u00eb gjat\u00eb deklaratave t\u00eb para pas marrjes s\u00eb vot\u00ebbesimit nga ana e an\u00ebtar\u00ebsis\u00eb s\u00eb PD-s\u00eb, \u2013 tha Spahia, \u2013\u00a0 gjat\u00eb atij procesi t\u00eb jasht\u00ebzakonsh\u00ebm tejet transparent t\u00eb zhvilluar n\u00eb Pallatin e Sportit t\u00eb Shkodr\u00ebs, q\u00eb ishin primaret p\u00ebr zgjedhjen e kandidatur\u00ebs, sigurisht q\u00eb e thash\u00eb faktin q\u00eb asgj\u00eb m\u00eb shum\u00eb se vota e lir\u00eb nuk mund t\u00eb bashkoj\u00eb demokrat\u00ebt apo \u00e7do an\u00ebtar t\u00eb nj\u00eb force politike.<\/p>\n<p>I thash\u00eb t\u00eb gjitha k\u00ebto p\u00ebr t\u00eb theksuar faktin se asgj\u00eb m\u00eb shum\u00eb se vot\u00ebbesimi apo\u00a0 marrja e vot\u00ebbesimit nga ana e an\u00ebtar\u00ebsis\u00eb nuk mund t\u00eb ndikoj\u00eb dhe nuk mund garantoj\u00eb bashkimin e nj\u00eb strukture.<\/p>\n<p>Pse e p\u00ebrs\u00ebris faktin se dega e PD-s\u00eb n\u00eb Shkod\u00ebr \u00ebsht\u00eb shum\u00eb kompakte, ajo ka zgjedhur t\u00eb p\u00ebrcaktoj\u00eb n\u00ebp\u00ebmjet vot\u00ebs s\u00eb saj kandidatin p\u00ebr k\u00ebto zgjedhje \u2013 nd\u00ebrkoh\u00eb q\u00eb nga ana tjet\u00ebr ajo q\u00eb \u00e7far\u00eb mund t\u00eb quhet \u201crryma\u201d apo nj\u00eb pjes\u00eb e vog\u00ebl e shk\u00ebputur nga PD-ja, ka zgjedhur t\u00eb mb\u00ebshtes\u00eb nj\u00eb kandidat q\u00eb \u00ebsht\u00eb em\u00ebruar nga ish-kryetari Basha, rekomanduar si i till\u00eb,\u201d theksoi Bardh Spahia.<\/p>","protected":false},"excerpt":{"rendered":"<p>Bardh Spahia, kandidati i Komisionit t\u00eb Rithemelimit t\u00eb PD-s\u00eb, e ka shpjeguar edhe m\u00eb qart\u00eb arsyen pse ai do t\u00eb arrij\u00eb t\u2019i mbledh\u00eb votat e t\u00eb gjith\u00eb demokrat\u00ebve t\u00eb Shkodr\u00ebs n\u00eb zgjedhjet e pjessshme t\u00eb 6 Marsit, p\u00ebrkund\u00ebr edhe kandidatit t\u00eb em\u00ebruar nga Lulzim Basha, Xhemal Bushatit. \u201cSi do t\u00eb arrini zoti Spahia t\u00eb bashkoni [&hellip;]<\/p>\n","protected":false},"author":2020,"featured_media":236302,"comment_status":"closed","ping_status":"closed","sticky":false,"template":"","format":"standard","meta":{"footnotes":""},"categories":[241,5380],"tags":[],"class_list":{"0":"post-236299","1":"post","2":"type-post","3":"status-publish","4":"format-standard","5":"has-post-thumbnail","7":"category-aktualitet","8":"category-kryesore"},"_links":{"self":[{"href":"https:\/\/zjarr.tv\/en\/wp-json\/wp\/v2\/posts\/236299","targetHints":{"allow":["GET"]}}],"collection":[{"href":"https:\/\/zjarr.tv\/en\/wp-json\/wp\/v2\/posts"}],"about":[{"href":"https:\/\/zjarr.tv\/en\/wp-json\/wp\/v2\/types\/post"}],"author":[{"embeddable":true,"href":"https:\/\/zjarr.tv\/en\/wp-json\/wp\/v2\/users\/2020"}],"replies":[{"embeddable":true,"href":"https:\/\/zjarr.tv\/en\/wp-json\/wp\/v2\/comments?post=236299"}],"version-history":[{"count":0,"href":"https:\/\/zjarr.tv\/en\/wp-json\/wp\/v2\/posts\/236299\/revisions"}],"wp:featuredmedia":[{"embeddable":true,"href":"https:\/\/zjarr.tv\/en\/wp-json\/wp\/v2\/media\/236302"}],"wp:attachment":[{"href":"https:\/\/zjarr.tv\/en\/wp-json\/wp\/v2\/media?parent=236299"}],"wp:term":[{"taxonomy":"category","embeddable":true,"href":"https:\/\/zjarr.tv\/en\/wp-json\/wp\/v2\/categories?post=236299"},{"taxonomy":"post_tag","embeddable":true,"href":"https:\/\/zjarr.tv\/en\/wp-json\/wp\/v2\/tags?post=236299"}],"curies":[{"name":"wp","href":"https:\/\/api.w.org\/{rel}","templated":true}]}}