{"id":236328,"date":"2022-02-11T15:29:26","date_gmt":"2022-02-11T14:29:26","guid":{"rendered":"https:\/\/zjarr.tv\/?p=236328"},"modified":"2022-02-11T15:29:26","modified_gmt":"2022-02-11T14:29:26","slug":"zgjatja-e-vetingut-zheji-basha-u-clirua-nga-kompleksi-berisha-e-perdori-voten-kunder-per-interesa-elektorale-vuri-ne-levizje-makinerine-per-te-thene","status":"publish","type":"post","link":"https:\/\/zjarr.tv\/en\/zgjatja-e-vetingut-zheji-basha-u-clirua-nga-kompleksi-berisha-e-perdori-voten-kunder-per-interesa-elektorale-vuri-ne-levizje-makinerine-per-te-thene\/","title":{"rendered":"Zgjatja e Vetingut\/ Zheji: Basha u \u00e7lirua nga kompleksi, Berisha e p\u00ebrdori vot\u00ebn kund\u00ebr p\u00ebr interesa elektorale. Vuri n\u00eb l\u00ebvizje makinerin\u00eb p\u00ebr t\u00eb th\u00ebn\u00eb\u2026"},"content":{"rendered":"<p>Analisti Artur Zheji mendon se Sali Berisha e ka p\u00ebrdorur vot\u00ebn kund\u00ebr zgjatjes s\u00eb organeve t\u00eb Vetingut p\u00ebr interesa elektorale, n\u00eb prag t\u00eb zgjedhjeve t\u00eb pjesshme t\u00eb 6 marsit. Duke folur n\u00eb emisionin \u201cPikat mbi I\u201d n\u00eb \u201cNews 24\u201d Zheji tha se Berisha e dinte q\u00eb e kishte t\u00eb pamundur q\u00eb ta pengonte votimin, por vuri n\u00eb l\u00ebvizje makinerin\u00eb e tij p\u00ebr t\u00eb th\u00ebn\u00eb \u201ckjo \u00ebsht\u00eb bashk\u00ebqeverisja Rama-Basha\u201d.<\/p>\n<p>\u201cBerisha si nj\u00eb politikan i vjet\u00ebr duke qen\u00eb se jemi n\u00eb fushat\u00eb elektorale, e p\u00ebrdori k\u00ebt\u00eb vot\u00eb kundra, dhe k\u00ebt\u00eb bashkim t\u00eb votave PS-PD, q\u00eb n\u00eb fakt nuk \u00ebsht\u00eb bashkim por votim i nj\u00eb objekti t\u00eb nj\u00ebjt\u00eb. Berisha ka menduar ta p\u00ebrdor\u00eb, e para sepse nuk e prishte dot, e dyta sepse e kishte jasht\u00eb kontrollit. P\u00ebr t\u00eb v\u00ebn\u00eb n\u00eb l\u00ebvizje makinerin\u00eb e tij p\u00ebr t\u00eb th\u00ebn\u00eb kjo \u00ebsht\u00eb bashk\u00ebqeverisja Rama-Basha dhe ai del jasht\u00eb jo se \u00ebsht\u00eb kund\u00ebr Vetingut, por kund\u00ebr Ram\u00ebn\u201d, tha Zheji.<\/p>\n<p>Analisti gjithashtu evidentoi faktin q\u00eb disa deputet\u00eb t\u00eb grupit t\u00eb Berish\u00ebs nuk ishin n\u00eb sall\u00eb n\u00eb momentin e votimit, nd\u00ebrsa e konsideroi si vendim t\u00eb men\u00e7ur at\u00eb t\u00eb LSI-s\u00eb p\u00ebr t\u00eb abstenuar. \u201cMbetem skeptik\u00eb sa i p\u00ebrket SPAK-ut dhe procesit t\u00eb Vetingut sepse ajo rrjeta e Vetingut ka kaluar edhe peshq t\u00eb ngordhur p\u00ebrve\u00e7se ata t\u00eb pafajsh\u00ebm, edhe m\u00ebkatar\u00eb kan\u00eb kaluar n\u00eb ato rrjet\u00eb, filtrat kan\u00eb qen\u00eb t\u00eb kompromentuara. Kemi akuza politike p\u00ebr pjes\u00ebtar\u00eb q\u00eb kan\u00eb lidhje me mazhoranc\u00ebn dhe jan\u00eb pjes\u00eb e organeve t\u00eb Vetingut dhe q\u00eb kan\u00eb premis\u00eb t\u00eb japin nj\u00eb drejt\u00ebsi t\u00eb orientuar.<\/p>\n<p>Bilanci i deritanish\u00ebm duke qen\u00eb se kemi dy ministra t\u00eb mazhoranc\u00ebs n\u00eb burg, q\u00eb m\u00eb par\u00eb nuk mendohej kjo\u2026Kemi nj\u00eb kryetar bashkie t\u00eb d\u00ebnuar, disa drejtor\u00eb t\u00eb r\u00ebnd\u00ebsish\u00ebm q\u00eb jan\u00eb n\u00ebn hetim. I fundit \u00ebsht\u00eb drejtori i Fondit Shqiptar t\u00eb Zhvillimit. Q\u00eb do t\u00eb thot\u00eb n\u00ebse nuk jep nj\u00eb vot\u00eb mb\u00ebshtet\u00ebse, politike, p\u00ebr Vetingun dhe SPAK-un do t\u00eb thot\u00eb q\u00eb je kund\u00ebr proceseve hetuese. B\u00ebhesh pjes\u00eb e bllokimit. Basha ishte i detyruar t\u00eb \u00e7lironte veten e vet nga nj\u00eb kompleks. N\u00ebse nuk do e votonte do akuzoheshin si t\u00eb korruptuar, dhe si t\u00eb korruptuar nuk e votojn\u00eb. Plus q\u00eb mendojn\u00eb se ka qen\u00eb nj\u00eb k\u00ebrkes\u00eb eksplicite e amerikan\u00ebve, ndaj s\u00eb cil\u00ebs ata kan\u00eb nj\u00eb marr\u00ebveshje publike p\u00ebr ta respektuar sepse nuk kan\u00eb dyshimin q\u00eb ka nj\u00eb prapasken\u00eb amerikan\u00eb.<\/p>","protected":false},"excerpt":{"rendered":"<p>Analisti Artur Zheji mendon se Sali Berisha e ka p\u00ebrdorur vot\u00ebn kund\u00ebr zgjatjes s\u00eb organeve t\u00eb Vetingut p\u00ebr interesa elektorale, n\u00eb prag t\u00eb zgjedhjeve t\u00eb pjesshme t\u00eb 6 marsit. Duke folur n\u00eb emisionin \u201cPikat mbi I\u201d n\u00eb \u201cNews 24\u201d Zheji tha se Berisha e dinte q\u00eb e kishte t\u00eb pamundur q\u00eb ta pengonte votimin, por [&hellip;]<\/p>\n","protected":false},"author":2020,"featured_media":236329,"comment_status":"closed","ping_status":"closed","sticky":false,"template":"","format":"standard","meta":{"footnotes":""},"categories":[241,5380,231],"tags":[],"class_list":{"0":"post-236328","1":"post","2":"type-post","3":"status-publish","4":"format-standard","5":"has-post-thumbnail","7":"category-aktualitet","8":"category-kryesore","9":"category-lajme"},"_links":{"self":[{"href":"https:\/\/zjarr.tv\/en\/wp-json\/wp\/v2\/posts\/236328","targetHints":{"allow":["GET"]}}],"collection":[{"href":"https:\/\/zjarr.tv\/en\/wp-json\/wp\/v2\/posts"}],"about":[{"href":"https:\/\/zjarr.tv\/en\/wp-json\/wp\/v2\/types\/post"}],"author":[{"embeddable":true,"href":"https:\/\/zjarr.tv\/en\/wp-json\/wp\/v2\/users\/2020"}],"replies":[{"embeddable":true,"href":"https:\/\/zjarr.tv\/en\/wp-json\/wp\/v2\/comments?post=236328"}],"version-history":[{"count":0,"href":"https:\/\/zjarr.tv\/en\/wp-json\/wp\/v2\/posts\/236328\/revisions"}],"wp:featuredmedia":[{"embeddable":true,"href":"https:\/\/zjarr.tv\/en\/wp-json\/wp\/v2\/media\/236329"}],"wp:attachment":[{"href":"https:\/\/zjarr.tv\/en\/wp-json\/wp\/v2\/media?parent=236328"}],"wp:term":[{"taxonomy":"category","embeddable":true,"href":"https:\/\/zjarr.tv\/en\/wp-json\/wp\/v2\/categories?post=236328"},{"taxonomy":"post_tag","embeddable":true,"href":"https:\/\/zjarr.tv\/en\/wp-json\/wp\/v2\/tags?post=236328"}],"curies":[{"name":"wp","href":"https:\/\/api.w.org\/{rel}","templated":true}]}}