{"id":237366,"date":"2022-02-16T16:32:59","date_gmt":"2022-02-16T15:32:59","guid":{"rendered":"https:\/\/zjarr.tv\/?p=237366"},"modified":"2022-02-16T16:32:59","modified_gmt":"2022-02-16T15:32:59","slug":"presidenti-meta-dekoron-me-titullin-nderi-i-kombit-kengetarin-bujar-qamili","status":"publish","type":"post","link":"https:\/\/zjarr.tv\/en\/presidenti-meta-dekoron-me-titullin-nderi-i-kombit-kengetarin-bujar-qamili\/","title":{"rendered":"Presidenti Meta dekoron me titullin \u2018Nderi i Kombit\u2019 k\u00ebng\u00ebtarin Bujar Qamili"},"content":{"rendered":"<p>Presidenti Ilir Meta ka vler\u00ebsuar me Dekorat\u00ebn e lart\u00eb \u201cNderi i kombit\u201d, k\u00ebng\u00ebtarin e muzik\u00ebs popullore Bujar Qamilin.<\/p>\n<p>N\u00eb nj\u00eb postim n\u00eb rrjetet sociale Meta shkruan se prej m\u00eb shum\u00eb se kat\u00ebr dekadash ai me z\u00ebrin magjik dhe interpretimin e jasht\u00ebzakonsh\u00ebm \u00ebsht\u00eb b\u00ebr\u00eb pjes\u00eb e g\u00ebzimeve n\u00eb familjet dhe vatrat shqiptare.<\/p>\n<p>Kjo dekorat\u00eb i jepet n\u00eb vler\u00ebsim t\u00eb kontributit t\u00eb vyer dhe t\u00eb r\u00ebnd\u00ebsish\u00ebm, n\u00eb ruajtjen, kultivimin dhe p\u00ebrhapjen e k\u00ebng\u00ebve popullore.<\/p>\n<p><strong>Postimi i Met\u00ebs:<\/strong><\/p>\n<p>Nuk besoj t\u00eb ket\u00eb shqiptar n\u00eb \u00e7do trev\u00eb ku flitet dhe k\u00ebndohet shqip, q\u00eb t\u00eb mos ket\u00eb d\u00ebgjuar dhe k\u00ebnduar t\u00eb pakt\u00ebn nj\u00eb k\u00ebng\u00eb t\u00eb artistit t\u00eb madh dhe shum\u00eb t\u00eb dashur, Bujar Qamili.<\/p>\n<p>P\u00ebr mbi kat\u00ebr dekada n\u00eb sken\u00eb, me z\u00ebrin magjik dhe interpretimin e jasht\u00ebzakonsh\u00ebm, ai \u00ebsht\u00eb kthyer n\u00eb simbolin e k\u00ebng\u00ebs popullore shkodrane dhe shqiptare, duke fituar zemrat dhe duartrokitjet e zjarrta t\u00eb publikut, p\u00ebr t\u2019u b\u00ebr\u00eb me repertorin e tij t\u00eb magjish\u00ebm, pjes\u00eb e g\u00ebzimeve n\u00eb familjet dhe vatrat shqiptare.<\/p>\n<p>N\u00eb vler\u00ebsim t\u00eb kontributit t\u00eb vyer dhe t\u00eb r\u00ebnd\u00ebsish\u00ebm, n\u00eb ruajtjen, kultivimin dhe p\u00ebrhapjen e k\u00ebng\u00ebve popullore, duke e shtuar dashurin\u00eb dhe krenarin\u00eb p\u00ebr vlerat e jasht\u00ebzakonshme komb\u00ebtare dhe kulturore, e \u00e7mova sot Bujar Qamilin me Dekorat\u00ebn e lart\u00eb \u201cNderi i Kombit\u201d.<\/p>\n<p>\u201cNuk knoj ma thot\u00eb bilbili,<\/p>\n<p>Ma kalon Bujar Qamili.\u201d<\/p>","protected":false},"excerpt":{"rendered":"<p>Presidenti Ilir Meta ka vler\u00ebsuar me Dekorat\u00ebn e lart\u00eb \u201cNderi i kombit\u201d, k\u00ebng\u00ebtarin e muzik\u00ebs popullore Bujar Qamilin. N\u00eb nj\u00eb postim n\u00eb rrjetet sociale Meta shkruan se prej m\u00eb shum\u00eb se kat\u00ebr dekadash ai me z\u00ebrin magjik dhe interpretimin e jasht\u00ebzakonsh\u00ebm \u00ebsht\u00eb b\u00ebr\u00eb pjes\u00eb e g\u00ebzimeve n\u00eb familjet dhe vatrat shqiptare. Kjo dekorat\u00eb i jepet [&hellip;]<\/p>\n","protected":false},"author":2020,"featured_media":237367,"comment_status":"closed","ping_status":"closed","sticky":false,"template":"","format":"standard","meta":{"footnotes":""},"categories":[241,5380,231],"tags":[],"class_list":{"0":"post-237366","1":"post","2":"type-post","3":"status-publish","4":"format-standard","5":"has-post-thumbnail","7":"category-aktualitet","8":"category-kryesore","9":"category-lajme"},"_links":{"self":[{"href":"https:\/\/zjarr.tv\/en\/wp-json\/wp\/v2\/posts\/237366","targetHints":{"allow":["GET"]}}],"collection":[{"href":"https:\/\/zjarr.tv\/en\/wp-json\/wp\/v2\/posts"}],"about":[{"href":"https:\/\/zjarr.tv\/en\/wp-json\/wp\/v2\/types\/post"}],"author":[{"embeddable":true,"href":"https:\/\/zjarr.tv\/en\/wp-json\/wp\/v2\/users\/2020"}],"replies":[{"embeddable":true,"href":"https:\/\/zjarr.tv\/en\/wp-json\/wp\/v2\/comments?post=237366"}],"version-history":[{"count":0,"href":"https:\/\/zjarr.tv\/en\/wp-json\/wp\/v2\/posts\/237366\/revisions"}],"wp:featuredmedia":[{"embeddable":true,"href":"https:\/\/zjarr.tv\/en\/wp-json\/wp\/v2\/media\/237367"}],"wp:attachment":[{"href":"https:\/\/zjarr.tv\/en\/wp-json\/wp\/v2\/media?parent=237366"}],"wp:term":[{"taxonomy":"category","embeddable":true,"href":"https:\/\/zjarr.tv\/en\/wp-json\/wp\/v2\/categories?post=237366"},{"taxonomy":"post_tag","embeddable":true,"href":"https:\/\/zjarr.tv\/en\/wp-json\/wp\/v2\/tags?post=237366"}],"curies":[{"name":"wp","href":"https:\/\/api.w.org\/{rel}","templated":true}]}}