{"id":237381,"date":"2022-02-16T17:23:32","date_gmt":"2022-02-16T16:23:32","guid":{"rendered":"https:\/\/zjarr.tv\/?p=237381"},"modified":"2022-02-16T17:23:32","modified_gmt":"2022-02-16T16:23:32","slug":"gazetari-ne-shba-robert-papa-zbulon-prapaskenat-e-forta-ben-deklaraten-e-papritur-per-ramen-ju-tregoj-se-cfare-ndodhi-ne-te-vertete-gjate-takimit-me-blinken","status":"publish","type":"post","link":"https:\/\/zjarr.tv\/en\/gazetari-ne-shba-robert-papa-zbulon-prapaskenat-e-forta-ben-deklaraten-e-papritur-per-ramen-ju-tregoj-se-cfare-ndodhi-ne-te-vertete-gjate-takimit-me-blinken\/","title":{"rendered":"Gazetari n\u00eb SHBA Robert Papa zbulon prapaskenat e forta, b\u00ebn deklarat\u00ebn e papritur p\u00ebr Ram\u00ebn: Ju tregoj se \u00e7far\u00eb ndodhi n\u00eb t\u00eb v\u00ebrtet\u00eb gjat\u00eb takimit me Blinken"},"content":{"rendered":"<p>Gazetari n\u00eb SHBA Robert Papa ka komentuar vizit\u00ebn e kryeministrit Edi Rama n\u00eb SHBA, duke theksuar se s\u2019duhet t\u00eb interpretohet si mb\u00ebshtetje personale. Papa tha se sa her\u00eb Rama ka pasur nj\u00eb takim n\u00eb Sht\u00ebpin\u00eb e Bardh\u00eb, ka b\u00ebr\u00eb nj\u00eb l\u00ebshim.<\/p>\n<p>\u201cIdeja e butaforis\u00eb kok\u00eb m\u00eb kok\u00eb, q\u00eb u fry shum\u00eb q\u00eb n\u00eb Tiran\u00eb&#8230;Me protokoll mund t\u00eb ket\u00eb pasur 5-6 minuta takim me Ram\u00ebn n\u00eb zyr\u00eb, por s\u2019\u00ebsht\u00eb gj\u00eb e jasht\u00ebzakonshme. S\u2019duhet t\u00eb interpretpohet si mb\u00ebshtetje personale. U tha \u00ebsht\u00eb ftuar. Nuk ka ftesa nga DASH. Sa her\u00eb Rama b\u00ebn nj\u00eb takim dije se ka b\u00ebr\u00eb nj\u00eb l\u00ebshim t\u00eb madh. Shkoi n\u00eb Sht\u00ebpin\u00eb e Bardh\u00eb kur mori 3 mij\u00eb iranian\u00eb. Blinken e ka nisur dit\u00ebn duke e uruar Vu\u00e7i\u00e7in p\u00ebr fest\u00ebn e ish-Jugosllavis\u00eb. N\u00eb at\u00eb takim q\u00eb Rama ka pasur \u00ebsht\u00eb v\u00ebn\u00eb theksi te lufta ndaj korrupsionit. Jo m\u00eb kot n\u00eb VOA iu b\u00eb pyetja p\u00ebr korrupsionin 400 mln euro. Jan\u00eb radio q\u00eb varen nga DASH. Rama nga dikur 80 mij\u00eb dollar\u00eb foto me Obam\u00ebn, sot realizon nj\u00eb takim me Blinken. Nuk ka ngelur t\u00eb zgjidhet problemi i Ukrain\u00ebs nga Shqip\u00ebria\u201d, tha Papa p\u00ebr MCN Tv.<\/p>","protected":false},"excerpt":{"rendered":"<p>Gazetari n\u00eb SHBA Robert Papa ka komentuar vizit\u00ebn e kryeministrit Edi Rama n\u00eb SHBA, duke theksuar se s\u2019duhet t\u00eb interpretohet si mb\u00ebshtetje personale. Papa tha se sa her\u00eb Rama ka pasur nj\u00eb takim n\u00eb Sht\u00ebpin\u00eb e Bardh\u00eb, ka b\u00ebr\u00eb nj\u00eb l\u00ebshim. \u201cIdeja e butaforis\u00eb kok\u00eb m\u00eb kok\u00eb, q\u00eb u fry shum\u00eb q\u00eb n\u00eb Tiran\u00eb&#8230;Me protokoll [&hellip;]<\/p>\n","protected":false},"author":2030,"featured_media":237382,"comment_status":"closed","ping_status":"closed","sticky":false,"template":"","format":"standard","meta":{"footnotes":""},"categories":[241,3366,5380,231],"tags":[],"class_list":{"0":"post-237381","1":"post","2":"type-post","3":"status-publish","4":"format-standard","5":"has-post-thumbnail","7":"category-aktualitet","8":"category-koment","9":"category-kryesore","10":"category-lajme"},"_links":{"self":[{"href":"https:\/\/zjarr.tv\/en\/wp-json\/wp\/v2\/posts\/237381","targetHints":{"allow":["GET"]}}],"collection":[{"href":"https:\/\/zjarr.tv\/en\/wp-json\/wp\/v2\/posts"}],"about":[{"href":"https:\/\/zjarr.tv\/en\/wp-json\/wp\/v2\/types\/post"}],"author":[{"embeddable":true,"href":"https:\/\/zjarr.tv\/en\/wp-json\/wp\/v2\/users\/2030"}],"replies":[{"embeddable":true,"href":"https:\/\/zjarr.tv\/en\/wp-json\/wp\/v2\/comments?post=237381"}],"version-history":[{"count":0,"href":"https:\/\/zjarr.tv\/en\/wp-json\/wp\/v2\/posts\/237381\/revisions"}],"wp:featuredmedia":[{"embeddable":true,"href":"https:\/\/zjarr.tv\/en\/wp-json\/wp\/v2\/media\/237382"}],"wp:attachment":[{"href":"https:\/\/zjarr.tv\/en\/wp-json\/wp\/v2\/media?parent=237381"}],"wp:term":[{"taxonomy":"category","embeddable":true,"href":"https:\/\/zjarr.tv\/en\/wp-json\/wp\/v2\/categories?post=237381"},{"taxonomy":"post_tag","embeddable":true,"href":"https:\/\/zjarr.tv\/en\/wp-json\/wp\/v2\/tags?post=237381"}],"curies":[{"name":"wp","href":"https:\/\/api.w.org\/{rel}","templated":true}]}}