{"id":237402,"date":"2022-02-16T17:43:02","date_gmt":"2022-02-16T16:43:02","guid":{"rendered":"https:\/\/zjarr.tv\/?p=237402"},"modified":"2022-02-16T17:43:02","modified_gmt":"2022-02-16T16:43:02","slug":"ne-kemi-endrrat-se-parate-i-keni-ju-xhaferraj-ben-batuten-epike-ne-komision-te-pranishmit-nuk-mbajne-dot-te-qeshurat-e-hedhim-ne-votim-pra","status":"publish","type":"post","link":"https:\/\/zjarr.tv\/en\/ne-kemi-endrrat-se-parate-i-keni-ju-xhaferraj-ben-batuten-epike-ne-komision-te-pranishmit-nuk-mbajne-dot-te-qeshurat-e-hedhim-ne-votim-pra\/","title":{"rendered":"\u201cNe kemi \u00ebndrrat, se parat\u00eb i keni ju\u201d\/ Xhaferraj b\u00ebn batut\u00ebn epike n\u00eb komision, t\u00eb pranishmit nuk mbajn\u00eb dot t\u00eb qeshurat: E hedhim n\u00eb votim pra!"},"content":{"rendered":"<p>Me batuta jan\u00eb shoq\u00ebruar sot diskutimet mes deputet\u00ebve t\u00eb PS-s\u00eb dhe PD-s\u00eb gjat\u00eb shqyrtimi t\u00eb projektligjit p\u00ebr aderimin e Shqip\u00ebris\u00eb n\u00eb Organizat\u00ebn e Hidrografis\u00eb Nd\u00ebrkomb\u00ebtare. Duke qen\u00eb se b\u00ebhet fjal\u00eb p\u00ebr nj\u00eb konvent\u00eb, votat nga t\u00eb majt\u00ebt dhe t\u00eb djatht\u00ebt ishte unamisht pro, megjithat\u00eb ka qen\u00eb data kur ka filluar puna p\u00ebr aderimin n\u00eb k\u00ebt\u00eb organizat\u00eb q\u00eb \u00ebsht\u00eb b\u00ebr\u00eb shkak p\u00ebr batuta.<\/p>\n<p>N\u00eb fund fare, pasi deklaroi vot\u00ebn pro t\u00eb opozit\u00ebs, n\u00ebnkryetari i Komisionit t\u00eb Siguris\u00eb Ferdinand Xhaferaj tha se puna p\u00ebr aderimin k\u00ebt\u00eb organizat\u00eb ka filluar q\u00eb n\u00eb vitin 2009 dhe kjo tregon se sipas tij, Rilindja mbaron me shpejt\u00ebsi \u00e7do projekt ku ka p\u00ebrfitime financiare p\u00ebr ata q\u00eb drejtojn\u00eb dhe zvarrit \u00e7do gj\u00eb tjet\u00ebr.<\/p>\n<p>Pjes\u00eb nga batutat:<\/p>\n<p>Ferdinand Xhaferaj: Vota jon\u00eb k\u00ebt\u00eb konvent\u00eb \u00ebsht\u00eb sigurist pro, si\u00e7 votojm\u00eb p\u00ebrher\u00eb p\u00ebr konventat nd\u00ebrkomb\u00ebtare. Por si\u00e7 doli n\u00eb pah k\u00ebtu, guri i themelit p\u00ebr k\u00ebt\u00eb konvent\u00eb \u00ebsht\u00eb vendosur n\u00eb vitin 2009. Kjo tregon shum\u00eb sepse sa her\u00eb q\u00eb diskutojm\u00eb n\u00eb komisione p\u00ebr investime dhe konventa, shumica\u00a0 etyre e kan\u00eb gjenez\u00ebn gjat\u00eb qeverisjes son\u00eb. Ju \u00ebsht\u00eb dashur 10 vite q\u00eb me zor arrini t\u00eb ambalazhoni idet\u00eb tona. Kjo tregon se i vetmi instrument q\u00eb \u00e7on para pun\u00ebt e k\u00ebsaj qeverisjeje \u00ebsht\u00eb korrupsioni. I vetmi projekt i nisur dhe p\u00ebrfunduar gjat\u00eb Rilindjes \u00ebsht\u00eb Lungomare n\u00eb Vlor\u00eb dhe asgj\u00eb tjet\u00ebr.<\/p>\n<p>Nasip Na\u00e7o: Faleminderit p\u00ebr vot\u00eb pro z.Xhaferaj. k\u00ebto investimet q\u00eb thoni ju q\u00eb n\u00eb 2009 jan\u00eb \u00ebndrrat n\u00eb sirtar t\u00eb PD-s\u00eb.<\/p>\n<p>Ferdinand Xhaferaj: Po ne \u00ebndrrat kemi, parat\u00eb i keni juve (qeshin n\u00eb sall\u00eb).<\/p>\n<p>Nasip Na\u00e7o: (Qesh) E hedhim n\u00eb votim pra .<\/p>","protected":false},"excerpt":{"rendered":"<p>Me batuta jan\u00eb shoq\u00ebruar sot diskutimet mes deputet\u00ebve t\u00eb PS-s\u00eb dhe PD-s\u00eb gjat\u00eb shqyrtimi t\u00eb projektligjit p\u00ebr aderimin e Shqip\u00ebris\u00eb n\u00eb Organizat\u00ebn e Hidrografis\u00eb Nd\u00ebrkomb\u00ebtare. Duke qen\u00eb se b\u00ebhet fjal\u00eb p\u00ebr nj\u00eb konvent\u00eb, votat nga t\u00eb majt\u00ebt dhe t\u00eb djatht\u00ebt ishte unamisht pro, megjithat\u00eb ka qen\u00eb data kur ka filluar puna p\u00ebr aderimin n\u00eb k\u00ebt\u00eb [&hellip;]<\/p>\n","protected":false},"author":2030,"featured_media":237403,"comment_status":"closed","ping_status":"closed","sticky":false,"template":"","format":"standard","meta":{"footnotes":""},"categories":[241,3366,5380,231,1454],"tags":[],"class_list":{"0":"post-237402","1":"post","2":"type-post","3":"status-publish","4":"format-standard","5":"has-post-thumbnail","7":"category-aktualitet","8":"category-koment","9":"category-kryesore","10":"category-lajme","11":"category-politike"},"_links":{"self":[{"href":"https:\/\/zjarr.tv\/en\/wp-json\/wp\/v2\/posts\/237402","targetHints":{"allow":["GET"]}}],"collection":[{"href":"https:\/\/zjarr.tv\/en\/wp-json\/wp\/v2\/posts"}],"about":[{"href":"https:\/\/zjarr.tv\/en\/wp-json\/wp\/v2\/types\/post"}],"author":[{"embeddable":true,"href":"https:\/\/zjarr.tv\/en\/wp-json\/wp\/v2\/users\/2030"}],"replies":[{"embeddable":true,"href":"https:\/\/zjarr.tv\/en\/wp-json\/wp\/v2\/comments?post=237402"}],"version-history":[{"count":0,"href":"https:\/\/zjarr.tv\/en\/wp-json\/wp\/v2\/posts\/237402\/revisions"}],"wp:featuredmedia":[{"embeddable":true,"href":"https:\/\/zjarr.tv\/en\/wp-json\/wp\/v2\/media\/237403"}],"wp:attachment":[{"href":"https:\/\/zjarr.tv\/en\/wp-json\/wp\/v2\/media?parent=237402"}],"wp:term":[{"taxonomy":"category","embeddable":true,"href":"https:\/\/zjarr.tv\/en\/wp-json\/wp\/v2\/categories?post=237402"},{"taxonomy":"post_tag","embeddable":true,"href":"https:\/\/zjarr.tv\/en\/wp-json\/wp\/v2\/tags?post=237402"}],"curies":[{"name":"wp","href":"https:\/\/api.w.org\/{rel}","templated":true}]}}