{"id":237878,"date":"2022-02-18T15:59:10","date_gmt":"2022-02-18T14:59:10","guid":{"rendered":"https:\/\/zjarr.tv\/?p=237878"},"modified":"2022-02-18T15:59:10","modified_gmt":"2022-02-18T14:59:10","slug":"agron-gjekmarkaj-mesazh-prekes-per-ndarjen-nga-jeta-te-bardhyl-londos","status":"publish","type":"post","link":"https:\/\/zjarr.tv\/en\/agron-gjekmarkaj-mesazh-prekes-per-ndarjen-nga-jeta-te-bardhyl-londos\/","title":{"rendered":"Agron Gjekmarkaj mesazh prek\u00ebs p\u00ebr ndarjen nga jeta t\u00eb Bardhyl Londos"},"content":{"rendered":"<p>Agron Gjekmarkaj<\/p>\n<p>Bardhyl Londo iku lart n\u00eb qiell tek poezit\u00eb e veta ! Iku duke l\u00ebn\u00eb pas dhimbje t\u00eb madhe p\u00ebr vajzat dhe familjaret , iku duke mos i pranuar lutjet tona p\u00ebr t\u00eb q\u00ebndruar ! Nga sht\u00ebpia e kultur\u00ebs shqiptare nj\u00ebri prej bijve t\u00eb saj madh\u00ebshtore u largua p\u00ebr n\u00eb \u201cItake\u201d!<\/p>\n<p>Ike Uliks i koh\u00ebve t\u00eb v\u00ebshtira. Kryqi ishte shenja e let\u00ebrsis\u00eb s\u00eb tij ! Nga Kryqi vime tek ai shkojm\u00eb na e pat m\u00ebsuar k\u00ebt\u00eb gj\u00eb t\u00eb gjith\u00ebve! Jeta e zakonshme ajo tokesorja me gjas\u00eb nuk i dukej m\u00eb e mjaftueshme dhe zgjodhi tjetr\u00ebn at\u00eb t\u00eb pafundmen t\u00eb p\u00ebrjetshmen. Kujtimet jan\u00eb ato q\u00eb kthehen n\u00eb trashegimi , munduese e t\u00eb bukura ! Munduese se na v\u00ebn\u00eb p\u00ebrballe munges\u00ebs t\u00ebnde mik i dashur e t\u00eb bukura se shum\u00eb na dhe nga vetja , nga shpirti dhe fjala jote !<\/p>\n<p>Sivellau yt Pjeter Bogdani pat th\u00ebn\u00eb \u201cveshur me diell e mbathur me h\u00ebn\u00eb\u201d ! Ashtu po e merr ti sot rrug\u00ebn e ameshimit ! Por ne do ti rrime loj\u00ebs s\u00eb jet\u00ebs deri ne fund ! Do ta l\u00ebm\u00eb nj\u00eb karrige bosh m\u00eb tavolin\u00eb duke t\u00eb pritur, po edhe goten do ta mbushim , librin hapur gjithaq e as romuzet nuk do ti kursejme, me Markun , Paridin , Gentin e t\u00eb tjere !<\/p>\n<p>Po edhe n\u00eb \u201ckroniken e ver\u00ebs\u201d q\u00eb me ty hapej gjithmon\u00eb do t\u00eb kthehesh ! Nuk qeshim ne pa ty. Njeri -tjetrin do pyesim po Londo do vij\u00eb?! T\u00eb pritem tek spitali me makinat ndezur po p\u00ebr her\u00eb t\u00eb par\u00eb na le pa p\u00ebrgjigje ! Ti na e le amanetin por nuk vdes\u00ebsh asnj\u00ebher\u00eb se syt\u00eb tan\u00eb indiferent\u00eb nuk do jen\u00eb kurr\u00eb mbi poezin\u00eb t\u00ebnde! Shqip\u00ebria g\u00ebzohet q\u00eb t\u00eb pat dhe ajo t\u00eb qan sot q\u00eb i ik\u00ebn qoft\u00eb edhe p\u00ebr nj\u00eb dit\u00eb!<\/p>\n<p>AMANETI I POETIT<\/p>\n<p>N\u00ebse syt\u00eb e tu do q\u00ebndrojn\u00eb t\u00eb menduar mbi k\u00ebto vargje,<\/p>\n<p>un\u00eb do t\u00eb shoh nj\u00eb \u00ebnd\u00ebrr t\u00eb bukur.<\/p>\n<p>N\u00ebse syt\u00eb e tu do t\u00eb dridhen sadopak nga k\u00ebto vargje,<\/p>","protected":false},"excerpt":{"rendered":"<p>Agron Gjekmarkaj Bardhyl Londo iku lart n\u00eb qiell tek poezit\u00eb e veta ! Iku duke l\u00ebn\u00eb pas dhimbje t\u00eb madhe p\u00ebr vajzat dhe familjaret , iku duke mos i pranuar lutjet tona p\u00ebr t\u00eb q\u00ebndruar ! Nga sht\u00ebpia e kultur\u00ebs shqiptare nj\u00ebri prej bijve t\u00eb saj madh\u00ebshtore u largua p\u00ebr n\u00eb \u201cItake\u201d! Ike Uliks i [&hellip;]<\/p>\n","protected":false},"author":2020,"featured_media":183661,"comment_status":"closed","ping_status":"closed","sticky":false,"template":"","format":"standard","meta":{"footnotes":""},"categories":[241,5380],"tags":[],"class_list":{"0":"post-237878","1":"post","2":"type-post","3":"status-publish","4":"format-standard","5":"has-post-thumbnail","7":"category-aktualitet","8":"category-kryesore"},"_links":{"self":[{"href":"https:\/\/zjarr.tv\/en\/wp-json\/wp\/v2\/posts\/237878","targetHints":{"allow":["GET"]}}],"collection":[{"href":"https:\/\/zjarr.tv\/en\/wp-json\/wp\/v2\/posts"}],"about":[{"href":"https:\/\/zjarr.tv\/en\/wp-json\/wp\/v2\/types\/post"}],"author":[{"embeddable":true,"href":"https:\/\/zjarr.tv\/en\/wp-json\/wp\/v2\/users\/2020"}],"replies":[{"embeddable":true,"href":"https:\/\/zjarr.tv\/en\/wp-json\/wp\/v2\/comments?post=237878"}],"version-history":[{"count":0,"href":"https:\/\/zjarr.tv\/en\/wp-json\/wp\/v2\/posts\/237878\/revisions"}],"wp:featuredmedia":[{"embeddable":true,"href":"https:\/\/zjarr.tv\/en\/wp-json\/wp\/v2\/media\/183661"}],"wp:attachment":[{"href":"https:\/\/zjarr.tv\/en\/wp-json\/wp\/v2\/media?parent=237878"}],"wp:term":[{"taxonomy":"category","embeddable":true,"href":"https:\/\/zjarr.tv\/en\/wp-json\/wp\/v2\/categories?post=237878"},{"taxonomy":"post_tag","embeddable":true,"href":"https:\/\/zjarr.tv\/en\/wp-json\/wp\/v2\/tags?post=237878"}],"curies":[{"name":"wp","href":"https:\/\/api.w.org\/{rel}","templated":true}]}}