{"id":237890,"date":"2022-02-18T17:19:07","date_gmt":"2022-02-18T16:19:07","guid":{"rendered":"https:\/\/zjarr.tv\/?p=237890"},"modified":"2022-02-18T17:19:07","modified_gmt":"2022-02-18T16:19:07","slug":"eksperti-i-njohur-ne-shba-del-me-mesazhin-e-forte-nuk-mund-te-flase-sali-berisha-ne-kete-gjuhe-eshte-i-shtyre-nga-pasione-politike-te-semura-shkaterroi-pronat-e-shqiptareve","status":"publish","type":"post","link":"https:\/\/zjarr.tv\/en\/eksperti-i-njohur-ne-shba-del-me-mesazhin-e-forte-nuk-mund-te-flase-sali-berisha-ne-kete-gjuhe-eshte-i-shtyre-nga-pasione-politike-te-semura-shkaterroi-pronat-e-shqiptareve\/","title":{"rendered":"Eksperti i njohur n\u00eb SHBA del me mesazhin e fort\u00eb: Nuk mund t\u00eb flas\u00eb Sali Berisha n\u00eb k\u00ebt\u00eb gjuh\u00eb! \u00cbsht\u00eb i shtyr\u00eb nga pasione politike t\u00eb s\u00ebmura! Shkat\u00ebrroi pronat e shqiptar\u00ebve"},"content":{"rendered":"<p>Bardhyl Reso, ish-pedagog i inxhinieris\u00eb q\u00eb jeton sot n\u00eb SHBA komentoi nj\u00eb deklarat\u00eb t\u00eb ish-kryeministrit Berisha, t\u00eb b\u00ebr\u00eb dit\u00ebn e sotme n\u00eb lidhje me hidrocentralin e Skavic\u00ebs. Berisha \u00ebsht\u00eb shprehur se demokrat\u00ebt nuk do t\u00eb lejojn\u00eb nd\u00ebrtimin e k\u00ebtij hidrocentrali, i cili do t\u00eb sjell\u00eb p\u00ebrmbytje p\u00ebr tokat e Dibr\u00ebs.<\/p>\n<p>\u201cUn\u00eb mendoj se deklaratat e zotit Berisha, jan\u00eb deklarata me karakter vet\u00ebm politik. Nuk mund t\u00eb flas\u00eb nj\u00eb ish-kryeminist\u00ebr q\u00eb ka drejtuar Shqip\u00ebrin\u00eb p\u00ebr disa vite, t\u00eb flas\u00eb n\u00eb k\u00ebt\u00eb gjuh\u00eb. K\u00ebto jan\u00eb arsyetime apriori, arsyetime t\u00eb shtyra nga pasione politike t\u00eb s\u00ebmura p\u00ebr t\u00eb ngacmuar njer\u00ebzit tamam n\u00eb nj\u00eb nga ato probleme q\u00eb ai i\u2019a ka shkat\u00ebrruar Shqip\u00ebris\u00eb, si\u00e7 \u00ebsht\u00eb prona. Un\u00eb e kuptoj at\u00eb ndjeshm\u00ebri q\u00eb mund t\u00eb ken\u00eb fshatar\u00ebt e brigjeve rreth lumit t\u00eb Drinit t\u00eb Zi, i cili sigurisht do t\u00eb p\u00ebrmbyt disa toka atje, edhe k\u00ebto do t\u00eb jen\u00eb n\u00eb var\u00ebsi t\u00eb nivelit q\u00eb do t\u00eb ket\u00eb hidrocentrali i Skavic\u00ebs. Fillimisht kan\u00eb qen\u00eb 2 variante. Nj\u00eb variant i pare me dig\u00eb shum\u00eb t\u00eb lart\u00eb q\u00eb shkonte deri n\u00eb kuot\u00ebn e deri n\u00eb 400 e 80 metrave, q\u00eb do t\u00eb thot\u00eb se tokat n\u00ebn k\u00ebt\u00eb nivel, n\u00eb momentet q\u00eb liqeni \u00ebsht\u00eb i mbushur plot do t\u00eb mbyten, kuptohet. Eshte edhe nj\u00eb variant i dyt\u00eb, 40 metra m\u00eb i ul\u00ebt, ku p\u00ebrmbytjet do t\u00eb jen\u00eb m\u00eb t\u00eb vogla por liqeni q\u00eb b\u00ebn rregullimin e prurjeve t\u00eb lumit p\u00ebr nj\u00eb periudh\u00eb disavje\u00e7are, do t\u00eb jet\u00eb m\u00eb i vog\u00ebl. K\u00ebshtuq\u00eb n\u00eb k\u00ebt\u00eb variant do t\u00eb kemi nj\u00eb rregullim 1 vje\u00e7ar ose e shumta mund t\u00eb shkoj\u00eb n\u00eb 2 vjet. Por megjithat\u00eb nuk b\u00ebhen me fjal\u00eb, por me studime t\u00eb plota q\u00eb ne i quanim tekniko- ekonomike nd\u00ebrsa tani kan\u00eb gjetur nj\u00eb fjal\u00eb t\u00eb re t\u00eb vizibilitetit t\u00eb vlefshm\u00ebris\u00eb s\u00eb nj\u00eb objekti\u201d u shpreh Reso p\u00ebr Dritare TV.<\/p>","protected":false},"excerpt":{"rendered":"<p>Bardhyl Reso, ish-pedagog i inxhinieris\u00eb q\u00eb jeton sot n\u00eb SHBA komentoi nj\u00eb deklarat\u00eb t\u00eb ish-kryeministrit Berisha, t\u00eb b\u00ebr\u00eb dit\u00ebn e sotme n\u00eb lidhje me hidrocentralin e Skavic\u00ebs. Berisha \u00ebsht\u00eb shprehur se demokrat\u00ebt nuk do t\u00eb lejojn\u00eb nd\u00ebrtimin e k\u00ebtij hidrocentrali, i cili do t\u00eb sjell\u00eb p\u00ebrmbytje p\u00ebr tokat e Dibr\u00ebs. \u201cUn\u00eb mendoj se deklaratat e [&hellip;]<\/p>\n","protected":false},"author":2030,"featured_media":237891,"comment_status":"closed","ping_status":"closed","sticky":false,"template":"","format":"standard","meta":{"footnotes":""},"categories":[241,3366,5380,231,1454],"tags":[],"class_list":{"0":"post-237890","1":"post","2":"type-post","3":"status-publish","4":"format-standard","5":"has-post-thumbnail","7":"category-aktualitet","8":"category-koment","9":"category-kryesore","10":"category-lajme","11":"category-politike"},"_links":{"self":[{"href":"https:\/\/zjarr.tv\/en\/wp-json\/wp\/v2\/posts\/237890","targetHints":{"allow":["GET"]}}],"collection":[{"href":"https:\/\/zjarr.tv\/en\/wp-json\/wp\/v2\/posts"}],"about":[{"href":"https:\/\/zjarr.tv\/en\/wp-json\/wp\/v2\/types\/post"}],"author":[{"embeddable":true,"href":"https:\/\/zjarr.tv\/en\/wp-json\/wp\/v2\/users\/2030"}],"replies":[{"embeddable":true,"href":"https:\/\/zjarr.tv\/en\/wp-json\/wp\/v2\/comments?post=237890"}],"version-history":[{"count":0,"href":"https:\/\/zjarr.tv\/en\/wp-json\/wp\/v2\/posts\/237890\/revisions"}],"wp:featuredmedia":[{"embeddable":true,"href":"https:\/\/zjarr.tv\/en\/wp-json\/wp\/v2\/media\/237891"}],"wp:attachment":[{"href":"https:\/\/zjarr.tv\/en\/wp-json\/wp\/v2\/media?parent=237890"}],"wp:term":[{"taxonomy":"category","embeddable":true,"href":"https:\/\/zjarr.tv\/en\/wp-json\/wp\/v2\/categories?post=237890"},{"taxonomy":"post_tag","embeddable":true,"href":"https:\/\/zjarr.tv\/en\/wp-json\/wp\/v2\/tags?post=237890"}],"curies":[{"name":"wp","href":"https:\/\/api.w.org\/{rel}","templated":true}]}}