{"id":237894,"date":"2022-02-18T17:22:28","date_gmt":"2022-02-18T16:22:28","guid":{"rendered":"https:\/\/zjarr.tv\/?p=237894"},"modified":"2022-02-18T17:22:28","modified_gmt":"2022-02-18T16:22:28","slug":"klodiana-lala-publikon-foton-e-klodian-zotos-i-shpallur-ne-kerkim-per-inceneratoret-me-shkruajne-qe-eshte","status":"publish","type":"post","link":"https:\/\/zjarr.tv\/en\/klodiana-lala-publikon-foton-e-klodian-zotos-i-shpallur-ne-kerkim-per-inceneratoret-me-shkruajne-qe-eshte\/","title":{"rendered":"Klodiana Lala publikon foton e Klodian Zotos, i shpallur n\u00eb k\u00ebrkim p\u00ebr incenerator\u00ebt: M\u00eb shkruajn\u00eb q\u00eb \u00ebsht\u00eb&#8230;"},"content":{"rendered":"<p>Gazetarja Klodiana Lala publikon n\u00eb faqen e saj t\u00eb \u201cFacebook\u201d nj\u00eb fotografi t\u00eb biznesmenit Klodian Zoto, t\u00eb shkrepur dit\u00ebt e fundit.<\/p>\n<p>Gazetarja Lala shkruan p\u00ebrbri fotos se \u201cI shum\u00ebk\u00ebrkuari Klodian Zoto. M\u00eb shkruajn\u00eb q\u00eb \u00ebsht\u00eb foto e dit\u00ebve t\u00eb fundit!\u201d<\/p>\n<p>Kujtojm\u00eb se Klodian Zoto \u00ebsht\u00eb shpallur n\u00eb k\u00ebrkim p\u00ebr p\u00ebrfshirjen n\u00eb mega-afer\u00ebn e inceneratorit t\u00eb Elbasanit, ku \u00ebsht\u00eb arrestuar si i p\u00ebrfshir\u00eb edhe ish-ministri i Mjedisit, Lefter Koka.<\/p>\n<p><img loading=\"lazy\" decoding=\"async\" class=\"alignnone size-medium wp-image-237897\" src=\"https:\/\/zjarr.tv\/wp-content\/uploads\/2022\/02\/Untitled-design-2022-02-18T172049.990-1-300x251.jpg\" alt=\"\" width=\"300\" height=\"251\" srcset=\"https:\/\/zjarr.tv\/wp-content\/uploads\/2022\/02\/Untitled-design-2022-02-18T172049.990-1-300x251.jpg 300w, https:\/\/zjarr.tv\/wp-content\/uploads\/2022\/02\/Untitled-design-2022-02-18T172049.990-1-768x644.jpg 768w, https:\/\/zjarr.tv\/wp-content\/uploads\/2022\/02\/Untitled-design-2022-02-18T172049.990-1-696x583.jpg 696w, https:\/\/zjarr.tv\/wp-content\/uploads\/2022\/02\/Untitled-design-2022-02-18T172049.990-1-501x420.jpg 501w, https:\/\/zjarr.tv\/wp-content\/uploads\/2022\/02\/Untitled-design-2022-02-18T172049.990-1.jpg 940w\" sizes=\"auto, (max-width: 300px) 100vw, 300px\" \/><\/p>","protected":false},"excerpt":{"rendered":"<p>Gazetarja Klodiana Lala publikon n\u00eb faqen e saj t\u00eb \u201cFacebook\u201d nj\u00eb fotografi t\u00eb biznesmenit Klodian Zoto, t\u00eb shkrepur dit\u00ebt e fundit. Gazetarja Lala shkruan p\u00ebrbri fotos se \u201cI shum\u00ebk\u00ebrkuari Klodian Zoto. M\u00eb shkruajn\u00eb q\u00eb \u00ebsht\u00eb foto e dit\u00ebve t\u00eb fundit!\u201d Kujtojm\u00eb se Klodian Zoto \u00ebsht\u00eb shpallur n\u00eb k\u00ebrkim p\u00ebr p\u00ebrfshirjen n\u00eb mega-afer\u00ebn e inceneratorit t\u00eb [&hellip;]<\/p>\n","protected":false},"author":2030,"featured_media":237895,"comment_status":"closed","ping_status":"closed","sticky":false,"template":"","format":"standard","meta":{"footnotes":""},"categories":[241,3366,5380,231],"tags":[],"class_list":{"0":"post-237894","1":"post","2":"type-post","3":"status-publish","4":"format-standard","5":"has-post-thumbnail","7":"category-aktualitet","8":"category-koment","9":"category-kryesore","10":"category-lajme"},"_links":{"self":[{"href":"https:\/\/zjarr.tv\/en\/wp-json\/wp\/v2\/posts\/237894","targetHints":{"allow":["GET"]}}],"collection":[{"href":"https:\/\/zjarr.tv\/en\/wp-json\/wp\/v2\/posts"}],"about":[{"href":"https:\/\/zjarr.tv\/en\/wp-json\/wp\/v2\/types\/post"}],"author":[{"embeddable":true,"href":"https:\/\/zjarr.tv\/en\/wp-json\/wp\/v2\/users\/2030"}],"replies":[{"embeddable":true,"href":"https:\/\/zjarr.tv\/en\/wp-json\/wp\/v2\/comments?post=237894"}],"version-history":[{"count":0,"href":"https:\/\/zjarr.tv\/en\/wp-json\/wp\/v2\/posts\/237894\/revisions"}],"wp:featuredmedia":[{"embeddable":true,"href":"https:\/\/zjarr.tv\/en\/wp-json\/wp\/v2\/media\/237895"}],"wp:attachment":[{"href":"https:\/\/zjarr.tv\/en\/wp-json\/wp\/v2\/media?parent=237894"}],"wp:term":[{"taxonomy":"category","embeddable":true,"href":"https:\/\/zjarr.tv\/en\/wp-json\/wp\/v2\/categories?post=237894"},{"taxonomy":"post_tag","embeddable":true,"href":"https:\/\/zjarr.tv\/en\/wp-json\/wp\/v2\/tags?post=237894"}],"curies":[{"name":"wp","href":"https:\/\/api.w.org\/{rel}","templated":true}]}}