{"id":237900,"date":"2022-02-18T17:26:13","date_gmt":"2022-02-18T16:26:13","guid":{"rendered":"https:\/\/zjarr.tv\/?p=237900"},"modified":"2022-02-18T17:26:13","modified_gmt":"2022-02-18T16:26:13","slug":"tabaku-i-kthehet-gazetares-snxjerr-dot-lajm-nga-une-pyet-ballen","status":"publish","type":"post","link":"https:\/\/zjarr.tv\/en\/tabaku-i-kthehet-gazetares-snxjerr-dot-lajm-nga-une-pyet-ballen\/","title":{"rendered":"Tabaku i kthehet gazetares: S\u2019nxjerr dot lajm nga un\u00eb, pyet Ball\u00ebn"},"content":{"rendered":"<p>Jorida Tabaku ka komentuar marrjen ne pyetje t\u00eb Alqi Bllakos dhe Armando Subashi nga SPAK p\u00ebr inceneratorin e Fierit. E pyetur nga gazetarja se a do t\u00eb depozitohet padi p\u00ebr afer\u00ebn e CEZ dhe privatizimin e kompleksit Dinamo, Tabaku tha se duhet t\u00eb pyes\u00eb Partin\u00eb Socialiste.<\/p>\n<p>Pjes\u00eb nga deklarata p\u00ebr media<\/p>\n<p>Pyetje nga Rovena Cerka: A do t\u00eb depozitoni padi p\u00ebr afer\u00ebn e CEZ dhe privatizimin e kompleksit Dinamo?<\/p>\n<p>Jorida Tabaku: Duhet t\u00eb pyes\u00ebsh PS nuk b\u00ebn dot lajm me mua sot. Komisioni i incenerator\u00ebve kjo\u00a0 m\u00eb takon mua. P\u00ebr t\u00eb tjerat fol me Taulant Ball\u00ebn.<\/p>","protected":false},"excerpt":{"rendered":"<p>Jorida Tabaku ka komentuar marrjen ne pyetje t\u00eb Alqi Bllakos dhe Armando Subashi nga SPAK p\u00ebr inceneratorin e Fierit. E pyetur nga gazetarja se a do t\u00eb depozitohet padi p\u00ebr afer\u00ebn e CEZ dhe privatizimin e kompleksit Dinamo, Tabaku tha se duhet t\u00eb pyes\u00eb Partin\u00eb Socialiste. Pjes\u00eb nga deklarata p\u00ebr media Pyetje nga Rovena Cerka: [&hellip;]<\/p>\n","protected":false},"author":2030,"featured_media":237902,"comment_status":"closed","ping_status":"closed","sticky":false,"template":"","format":"standard","meta":{"footnotes":""},"categories":[241,3366,5380,231,1454],"tags":[],"class_list":{"0":"post-237900","1":"post","2":"type-post","3":"status-publish","4":"format-standard","5":"has-post-thumbnail","7":"category-aktualitet","8":"category-koment","9":"category-kryesore","10":"category-lajme","11":"category-politike"},"_links":{"self":[{"href":"https:\/\/zjarr.tv\/en\/wp-json\/wp\/v2\/posts\/237900","targetHints":{"allow":["GET"]}}],"collection":[{"href":"https:\/\/zjarr.tv\/en\/wp-json\/wp\/v2\/posts"}],"about":[{"href":"https:\/\/zjarr.tv\/en\/wp-json\/wp\/v2\/types\/post"}],"author":[{"embeddable":true,"href":"https:\/\/zjarr.tv\/en\/wp-json\/wp\/v2\/users\/2030"}],"replies":[{"embeddable":true,"href":"https:\/\/zjarr.tv\/en\/wp-json\/wp\/v2\/comments?post=237900"}],"version-history":[{"count":0,"href":"https:\/\/zjarr.tv\/en\/wp-json\/wp\/v2\/posts\/237900\/revisions"}],"wp:featuredmedia":[{"embeddable":true,"href":"https:\/\/zjarr.tv\/en\/wp-json\/wp\/v2\/media\/237902"}],"wp:attachment":[{"href":"https:\/\/zjarr.tv\/en\/wp-json\/wp\/v2\/media?parent=237900"}],"wp:term":[{"taxonomy":"category","embeddable":true,"href":"https:\/\/zjarr.tv\/en\/wp-json\/wp\/v2\/categories?post=237900"},{"taxonomy":"post_tag","embeddable":true,"href":"https:\/\/zjarr.tv\/en\/wp-json\/wp\/v2\/tags?post=237900"}],"curies":[{"name":"wp","href":"https:\/\/api.w.org\/{rel}","templated":true}]}}