{"id":237918,"date":"2022-02-18T17:42:34","date_gmt":"2022-02-18T16:42:34","guid":{"rendered":"https:\/\/zjarr.tv\/?p=237918"},"modified":"2022-02-18T17:42:34","modified_gmt":"2022-02-18T16:42:34","slug":"plas-debati-i-ashper-mes-analisteve-per-vendimin-ndaj-ilir-metes-ti-ke-punuar-30-vjet-me-enverin-si-ti-ke-qene","status":"publish","type":"post","link":"https:\/\/zjarr.tv\/en\/plas-debati-i-ashper-mes-analisteve-per-vendimin-ndaj-ilir-metes-ti-ke-punuar-30-vjet-me-enverin-si-ti-ke-qene\/","title":{"rendered":"Plas debati i ashp\u00ebr mes analist\u00ebve p\u00ebr vendimin ndaj Ilir Met\u00ebs: Ti ke punuar 30 vjet me Enverin, si ti ke qen\u00eb&#8230;"},"content":{"rendered":"<p>Vendimi i Gjykat\u00ebs Kushtetuese p\u00ebr t\u00eb mos shkarkuar nga detyra presidentin Ilir Meta, ka p\u00ebrplasur n\u00eb debat mbr\u00ebmjen e djeshme analist\u00ebt Shp\u00ebtim Nazarko dhe Fahri Balliu.<\/p>\n<p>T\u00eb dy kan\u00eb qen\u00eb t\u00eb ftuar n\u00eb studion e emisionit \u201cLog\u201d, ku dhe nuk kan\u00eb kursyer akuzat p\u00ebr nj\u00ebri-tjetrin.<\/p>\n<p>Shp\u00ebtim Nazarko: Ti ke punuar 30 vjet me Enverin.<\/p>\n<p>Fahri Balliu: Ti mund t\u00eb ngrihesh dhe t\u00eb ik\u00ebsh<\/p>\n<p>Shp\u00ebtim Nazarko: Jo nuk iki un\u00eb, se ti ke qen\u00eb gazetar i Z\u00ebrit t\u00eb Popullit dhe i di mir\u00eb praktikat enveriste.<\/p>\n<p>Fahri Balliu: Un\u00eb jam shkrimtar, kam qen\u00eb gazetar i kultur\u00ebs<\/p>\n<p>Shp\u00ebtim Nazarko: Mir\u00eb ke b\u00ebr\u00eb po tani \u00e7do me k\u00ebt\u00eb pun\u00eb.<\/p>\n<p>Fahri Balliu: Ti tashi na sjell ca gj\u00ebra s\u2019kan\u00eb asnj\u00eb vler\u00eb<\/p>\n<p>Shp\u00ebtim Nazarko: Po mos m\u00eb thuaj mua je partiak.<\/p>\n<p>Fahri Balliu: Ti b\u00ebn sikur ke miz\u00ebn n\u00eb k\u00ebsul\u00eb<\/p>\n<p>Shp\u00ebtim Nazarko: Po nj\u00eb m*t e kam un\u00eb miz\u00ebn n\u00eb k\u00ebsul\u00eb.<\/p>\n<p>Fahri Balliu: Ky ka qen\u00eb nj\u00eb mision i paguar nga qeveria.<\/p>","protected":false},"excerpt":{"rendered":"<p>Vendimi i Gjykat\u00ebs Kushtetuese p\u00ebr t\u00eb mos shkarkuar nga detyra presidentin Ilir Meta, ka p\u00ebrplasur n\u00eb debat mbr\u00ebmjen e djeshme analist\u00ebt Shp\u00ebtim Nazarko dhe Fahri Balliu. T\u00eb dy kan\u00eb qen\u00eb t\u00eb ftuar n\u00eb studion e emisionit \u201cLog\u201d, ku dhe nuk kan\u00eb kursyer akuzat p\u00ebr nj\u00ebri-tjetrin. Shp\u00ebtim Nazarko: Ti ke punuar 30 vjet me Enverin. Fahri [&hellip;]<\/p>\n","protected":false},"author":2030,"featured_media":178448,"comment_status":"closed","ping_status":"closed","sticky":false,"template":"","format":"standard","meta":{"footnotes":""},"categories":[241,3366,5380,231,1454],"tags":[],"class_list":{"0":"post-237918","1":"post","2":"type-post","3":"status-publish","4":"format-standard","5":"has-post-thumbnail","7":"category-aktualitet","8":"category-koment","9":"category-kryesore","10":"category-lajme","11":"category-politike"},"_links":{"self":[{"href":"https:\/\/zjarr.tv\/en\/wp-json\/wp\/v2\/posts\/237918","targetHints":{"allow":["GET"]}}],"collection":[{"href":"https:\/\/zjarr.tv\/en\/wp-json\/wp\/v2\/posts"}],"about":[{"href":"https:\/\/zjarr.tv\/en\/wp-json\/wp\/v2\/types\/post"}],"author":[{"embeddable":true,"href":"https:\/\/zjarr.tv\/en\/wp-json\/wp\/v2\/users\/2030"}],"replies":[{"embeddable":true,"href":"https:\/\/zjarr.tv\/en\/wp-json\/wp\/v2\/comments?post=237918"}],"version-history":[{"count":0,"href":"https:\/\/zjarr.tv\/en\/wp-json\/wp\/v2\/posts\/237918\/revisions"}],"wp:featuredmedia":[{"embeddable":true,"href":"https:\/\/zjarr.tv\/en\/wp-json\/wp\/v2\/media\/178448"}],"wp:attachment":[{"href":"https:\/\/zjarr.tv\/en\/wp-json\/wp\/v2\/media?parent=237918"}],"wp:term":[{"taxonomy":"category","embeddable":true,"href":"https:\/\/zjarr.tv\/en\/wp-json\/wp\/v2\/categories?post=237918"},{"taxonomy":"post_tag","embeddable":true,"href":"https:\/\/zjarr.tv\/en\/wp-json\/wp\/v2\/tags?post=237918"}],"curies":[{"name":"wp","href":"https:\/\/api.w.org\/{rel}","templated":true}]}}