{"id":237921,"date":"2022-02-18T17:51:27","date_gmt":"2022-02-18T16:51:27","guid":{"rendered":"https:\/\/zjarr.tv\/?p=237921"},"modified":"2022-02-18T17:51:27","modified_gmt":"2022-02-18T16:51:27","slug":"do-e-ftoni-voltana-ademin-te-punoje-me-ju-bardh-spahia-jep-pergjigjen-e-papritur","status":"publish","type":"post","link":"https:\/\/zjarr.tv\/en\/do-e-ftoni-voltana-ademin-te-punoje-me-ju-bardh-spahia-jep-pergjigjen-e-papritur\/","title":{"rendered":"Do e ftoni Voltana Ademin t\u00eb punoj\u00eb me ju? Bardh Spahia jep p\u00ebrgjigjen e papritur"},"content":{"rendered":"<p>Kandidati p\u00ebr kryetar bashkie n\u00eb Durr\u00ebs, i \u2018Sht\u00ebpis\u00eb s\u00eb Liris\u00eb, Bardh Spahia b\u00ebri t\u00eb ditur mbr\u00ebmjen e djeshme se kryetarja aktuale e bashkis\u00eb n\u00eb k\u00ebt\u00eb qytet, Voltana Ademi ka vendosur t\u00eb largohet fare nga politika n\u00eb m\u00ebnyr\u00eb q\u00eb t\u2019i p\u00ebrkushtohet familjes dhe profesionit t\u00eb saj.<\/p>\n<p>Spahia, u pyet nga gazetari dhe drejtuesi i emisionit Ylli Rakipi n\u00ebse do ta ftoj\u00eb kryebashkiaken t\u00eb punoj\u00eb me t\u00eb, n\u00eb rast se fiton. Spahia tha se eksperienca e Ademit \u00ebsht\u00eb mjaft e vyer mir\u00ebpo \u00ebsht\u00eb zgjedhja e saj q\u00eb ti p\u00ebrkushtohet familjes.<\/p>\n<p>Ylli Rakipi: Cila \u00ebsht\u00eb gj\u00ebja e par\u00eb, emergjente q\u00eb ju mendoni se duhet b\u00ebr\u00eb p\u00ebr Shkodr\u00ebn?<\/p>\n<p>Bardh Spahia: \u00cbsht\u00eb shum\u00eb e r\u00ebnd\u00ebsishme, p\u00ebrmir\u00ebsimi i disa sh\u00ebrbimeve. Sjellja m\u00eb pran\u00eb qytetar\u00ebve e Bashkis\u00eb s\u00eb Shkodr\u00ebs. Kemi disa ide p\u00ebr hapjen e disa zyrave t\u00eb asistenc\u00ebs dhe nj\u00eb v\u00ebmendje t\u00eb ve\u00e7ant\u00eb do t\u00eb duhet t\u00eb adresohej drejt turizmit detar, malor, kulturor dhe turizmit fetar, pasi Shkodra ka asete t\u00eb jasht\u00ebzakonshme.<\/p>\n<p>Ylli Rakipi: Do ta ftonit Voltana Ademin t\u00eb punoj\u00eb me ju?<\/p>\n<p>Bardh Spahia: Kam diskutuar me Voltan\u00ebn dhe ajo e ndjen t\u00eb nevojshme t\u2019i kushtohet profesionit t\u00eb vet\u00eb dhe familjes, q\u00eb e ka vuajtur munges\u00ebn e koh\u00ebs s\u00eb kushtuar familjes. Nuk kemi diskutuar n\u00eb k\u00ebt\u00eb aspekt, por sigurisht eksperienca e Voltan\u00ebs \u00ebsht\u00eb e jasht\u00ebzakonshme dhe do t\u00eb ishte aset i vyer n\u00eb k\u00ebt\u00eb drejtim.<\/p>","protected":false},"excerpt":{"rendered":"<p>Kandidati p\u00ebr kryetar bashkie n\u00eb Durr\u00ebs, i \u2018Sht\u00ebpis\u00eb s\u00eb Liris\u00eb, Bardh Spahia b\u00ebri t\u00eb ditur mbr\u00ebmjen e djeshme se kryetarja aktuale e bashkis\u00eb n\u00eb k\u00ebt\u00eb qytet, Voltana Ademi ka vendosur t\u00eb largohet fare nga politika n\u00eb m\u00ebnyr\u00eb q\u00eb t\u2019i p\u00ebrkushtohet familjes dhe profesionit t\u00eb saj. Spahia, u pyet nga gazetari dhe drejtuesi i emisionit Ylli [&hellip;]<\/p>\n","protected":false},"author":2030,"featured_media":237922,"comment_status":"closed","ping_status":"closed","sticky":false,"template":"","format":"standard","meta":{"footnotes":""},"categories":[241,3366,5380,231,1454],"tags":[],"class_list":{"0":"post-237921","1":"post","2":"type-post","3":"status-publish","4":"format-standard","5":"has-post-thumbnail","7":"category-aktualitet","8":"category-koment","9":"category-kryesore","10":"category-lajme","11":"category-politike"},"_links":{"self":[{"href":"https:\/\/zjarr.tv\/en\/wp-json\/wp\/v2\/posts\/237921","targetHints":{"allow":["GET"]}}],"collection":[{"href":"https:\/\/zjarr.tv\/en\/wp-json\/wp\/v2\/posts"}],"about":[{"href":"https:\/\/zjarr.tv\/en\/wp-json\/wp\/v2\/types\/post"}],"author":[{"embeddable":true,"href":"https:\/\/zjarr.tv\/en\/wp-json\/wp\/v2\/users\/2030"}],"replies":[{"embeddable":true,"href":"https:\/\/zjarr.tv\/en\/wp-json\/wp\/v2\/comments?post=237921"}],"version-history":[{"count":0,"href":"https:\/\/zjarr.tv\/en\/wp-json\/wp\/v2\/posts\/237921\/revisions"}],"wp:featuredmedia":[{"embeddable":true,"href":"https:\/\/zjarr.tv\/en\/wp-json\/wp\/v2\/media\/237922"}],"wp:attachment":[{"href":"https:\/\/zjarr.tv\/en\/wp-json\/wp\/v2\/media?parent=237921"}],"wp:term":[{"taxonomy":"category","embeddable":true,"href":"https:\/\/zjarr.tv\/en\/wp-json\/wp\/v2\/categories?post=237921"},{"taxonomy":"post_tag","embeddable":true,"href":"https:\/\/zjarr.tv\/en\/wp-json\/wp\/v2\/tags?post=237921"}],"curies":[{"name":"wp","href":"https:\/\/api.w.org\/{rel}","templated":true}]}}