{"id":237925,"date":"2022-02-18T17:57:00","date_gmt":"2022-02-18T16:57:00","guid":{"rendered":"https:\/\/zjarr.tv\/?p=237925"},"modified":"2022-02-18T17:57:00","modified_gmt":"2022-02-18T16:57:00","slug":"cpo-ndodh-eshte-per-te-vene-duart-ne-koke-pas-te-dhenave-tronditese-qe-u-publikuan-ne-emisionin-e-top-channel-shperthen-blerina-bombaj","status":"publish","type":"post","link":"https:\/\/zjarr.tv\/en\/cpo-ndodh-eshte-per-te-vene-duart-ne-koke-pas-te-dhenave-tronditese-qe-u-publikuan-ne-emisionin-e-top-channel-shperthen-blerina-bombaj\/","title":{"rendered":"\u00c7\u2019po ndodh? \u201c\u00cbsht\u00eb p\u00ebr t\u00eb v\u00ebn\u00eb duart n\u00eb kok\u00eb!\u201d\/ Pas t\u00eb dh\u00ebnave trondit\u00ebse q\u00eb u publikuan n\u00eb emisionin e \u2018Top Channel\u2019, shp\u00ebrthen Blerina Bombaj"},"content":{"rendered":"<p>Emisioni \u201cTop Story\u201d n\u00eb Top Channel, k\u00ebt\u00eb t\u00eb m\u00ebrkur\u00eb trajtoi nj\u00eb tem\u00eb mjaft me interes p\u00ebr publikun, pasi prekej vet\u00eb sh\u00ebndeti e mir\u00ebq\u00ebnia e \u00e7do qytetari shqiptar.Nga veriu n\u00eb jug, n\u00eb t\u00eb gjith\u00eb vendin tonelata me arsenik, m\u00ebrkur e madje dhe cianur jan\u00eb l\u00ebn\u00eb pas nga ish-fabrikat e komunizmit.<\/p>\n<p>L\u00ebnd\u00ebt helmuese tejet toksike u lan\u00eb t\u00eb hapura dhe pa asnj\u00eb mas\u00eb mbrojt\u00ebse. Ato u p\u00ebrhap\u00ebn duke kontaminuar gjith\u00e7ka p\u00ebrreth, tok\u00ebn, ujin, e \u00e7do l\u00ebnd\u00eb bujq\u00ebsore.<\/p>\n<p>30 vite nga r\u00ebnia e komunizmit, mbetjet toksike mbeten t\u00eb lira pran\u00eb zonave t\u00eb banuara. P\u00ebr puntat\u00ebn \u201cKontaminimi nga Fabrikat\u201d reagoi dhe nutricionistja e dietologia Blerina Bombaj, e cila k\u00ebrkoi reagim t\u00eb menj\u00ebher\u00ebsh\u00ebm pas emisionit.<\/p>\n<p><img loading=\"lazy\" decoding=\"async\" class=\"alignnone size-medium wp-image-237927\" src=\"https:\/\/zjarr.tv\/wp-content\/uploads\/2022\/02\/Untitled-design-2022-02-18T175609.059-300x251.jpg\" alt=\"\" width=\"300\" height=\"251\" srcset=\"https:\/\/zjarr.tv\/wp-content\/uploads\/2022\/02\/Untitled-design-2022-02-18T175609.059-300x251.jpg 300w, https:\/\/zjarr.tv\/wp-content\/uploads\/2022\/02\/Untitled-design-2022-02-18T175609.059-768x644.jpg 768w, https:\/\/zjarr.tv\/wp-content\/uploads\/2022\/02\/Untitled-design-2022-02-18T175609.059-696x583.jpg 696w, https:\/\/zjarr.tv\/wp-content\/uploads\/2022\/02\/Untitled-design-2022-02-18T175609.059-501x420.jpg 501w, https:\/\/zjarr.tv\/wp-content\/uploads\/2022\/02\/Untitled-design-2022-02-18T175609.059.jpg 940w\" sizes=\"auto, (max-width: 300px) 100vw, 300px\" \/><\/p>\n<p>NJEREZIT MERITOJNE TE DINE TE VERTETEN!<\/p>\n<p>Ne kete vendin tone ndodh ajo qe edhe kur jepet nje informacion tejet alarmues, me ze dhe figure, mbi fenomene kercenuese per jeten e shqiptareve, njerezve nuk ju ben me pershtypje dhe pas tre ditesh do jete zhdukur fare nga interesi. Ne kete moment, ne Top Story po flitet per nje teme shume te nxehte per cdo banor te ketij vendi, per helmet e depozituara ne mjedis, qe nje Zot e di se deri ku kane depertuar ne ushqimin dhe ujin e shqiptareve.<\/p>\n<p>I bej thirrje intstitucioneve te verifikojne keto te dhena dhe te informojne shqiptaret se cfare ndodh me tokat e mbjella, me ujin, me ajrin qe futet ne trupin e tyre. A ka analiza te helmeve dhe mbetjeve toksike ne tokat prodhuese dhe ujin e vendit? A jane te verteta keto te dhena qe publikoi Top Story? Nese po, sa e kercenojne ato shendetin tone?<\/p>\n<p>Cfare kane ndermend instancat shteterore te sigurise ushqimore dhe mjedisit te bejne per te mbrojtur shendetin e ketij populli nga intoksikime te rrezikshme NEPERMJET USHQIMIT TE KONTAMINUAR, qe trashegohen nga nena te femija brez pas brezi? Nese ne kete emision informacionet jane te sakta, eshte per te vene duart ne koke! Nese jo, duhet te ndalohen se perhapuri panik. Shqiptaret kane te drejte te INFORMOHEN!!!<\/p>","protected":false},"excerpt":{"rendered":"<p>Emisioni \u201cTop Story\u201d n\u00eb Top Channel, k\u00ebt\u00eb t\u00eb m\u00ebrkur\u00eb trajtoi nj\u00eb tem\u00eb mjaft me interes p\u00ebr publikun, pasi prekej vet\u00eb sh\u00ebndeti e mir\u00ebq\u00ebnia e \u00e7do qytetari shqiptar.Nga veriu n\u00eb jug, n\u00eb t\u00eb gjith\u00eb vendin tonelata me arsenik, m\u00ebrkur e madje dhe cianur jan\u00eb l\u00ebn\u00eb pas nga ish-fabrikat e komunizmit. L\u00ebnd\u00ebt helmuese tejet toksike u lan\u00eb [&hellip;]<\/p>\n","protected":false},"author":2030,"featured_media":237926,"comment_status":"closed","ping_status":"closed","sticky":false,"template":"","format":"standard","meta":{"footnotes":""},"categories":[241,3366,5380,231],"tags":[],"class_list":{"0":"post-237925","1":"post","2":"type-post","3":"status-publish","4":"format-standard","5":"has-post-thumbnail","7":"category-aktualitet","8":"category-koment","9":"category-kryesore","10":"category-lajme"},"_links":{"self":[{"href":"https:\/\/zjarr.tv\/en\/wp-json\/wp\/v2\/posts\/237925","targetHints":{"allow":["GET"]}}],"collection":[{"href":"https:\/\/zjarr.tv\/en\/wp-json\/wp\/v2\/posts"}],"about":[{"href":"https:\/\/zjarr.tv\/en\/wp-json\/wp\/v2\/types\/post"}],"author":[{"embeddable":true,"href":"https:\/\/zjarr.tv\/en\/wp-json\/wp\/v2\/users\/2030"}],"replies":[{"embeddable":true,"href":"https:\/\/zjarr.tv\/en\/wp-json\/wp\/v2\/comments?post=237925"}],"version-history":[{"count":0,"href":"https:\/\/zjarr.tv\/en\/wp-json\/wp\/v2\/posts\/237925\/revisions"}],"wp:featuredmedia":[{"embeddable":true,"href":"https:\/\/zjarr.tv\/en\/wp-json\/wp\/v2\/media\/237926"}],"wp:attachment":[{"href":"https:\/\/zjarr.tv\/en\/wp-json\/wp\/v2\/media?parent=237925"}],"wp:term":[{"taxonomy":"category","embeddable":true,"href":"https:\/\/zjarr.tv\/en\/wp-json\/wp\/v2\/categories?post=237925"},{"taxonomy":"post_tag","embeddable":true,"href":"https:\/\/zjarr.tv\/en\/wp-json\/wp\/v2\/tags?post=237925"}],"curies":[{"name":"wp","href":"https:\/\/api.w.org\/{rel}","templated":true}]}}