{"id":237930,"date":"2022-02-18T18:29:32","date_gmt":"2022-02-18T17:29:32","guid":{"rendered":"https:\/\/zjarr.tv\/?p=237930"},"modified":"2022-02-18T18:29:32","modified_gmt":"2022-02-18T17:29:32","slug":"gazetari-plas-bomben-nxjerr-emrin-e-politikanit-te-dyte-shqiptar-pas-sali-berishes-qe-do-te-fundoset-nga-shba","status":"publish","type":"post","link":"https:\/\/zjarr.tv\/en\/gazetari-plas-bomben-nxjerr-emrin-e-politikanit-te-dyte-shqiptar-pas-sali-berishes-qe-do-te-fundoset-nga-shba\/","title":{"rendered":"Gazetari plas &#8220;bomb\u00ebn&#8221;, nxjerr emrin e politikanit t\u00eb dyt\u00eb shqiptar pas Sali Berish\u00ebs q\u00eb do t\u00eb fundoset nga SHBA"},"content":{"rendered":"<p>Gazetari Adriatik Do\u00e7i, foli mbi ngjarjet e fundit t\u00eb politik\u00ebs. Do\u00e7i diskutoi disa nga faktet kryesore se pse presidenti Ilir Meta , do t\u00eb jet\u00eb personazhi i radh\u00ebs politik, i cili do t\u00eb shpallet non grata nga SHBA-t\u00eb.<\/p>\n<p>\u201cGazetar\u00ebt flasin edhe n\u00eb baz\u00eb t\u00eb disa mesazheve dhe indicieve. Ne kemi disa indicie q\u00eb Ilir Meta mund t\u00eb jet\u00eb politikani i dyt\u00eb shqiptar, pas Sali Berish\u00ebs, q\u00eb mund t\u00eb kualifikohet p\u00ebr p\u00ebrfshirjen n\u00eb list\u00ebn e zez\u00eb t\u00eb SHBA-ve . Por cilat jan\u00eb k\u00ebto indicie? N\u00eb vendimin e dat\u00ebs 19 maj t\u00eb departamentit t\u00eb shtetit amerikan p\u00ebr shpalljen non grata t\u00eb Sali Berisha, cil\u00ebsohet se Berisha i ka ushtruar shantazh sistemit t\u00eb drejt\u00ebsis\u00eb, nuk e ka l\u00ebn\u00eb t\u00eb veproj\u00eb sistemin e drejt\u00ebsis\u00eb, p\u00ebr t\u00eb mbrojtur veten dhe aleat\u00ebt e tij t\u00eb p\u00ebrfshir\u00eb n\u00eb shfryt\u00ebzimin e pasurive publike p\u00ebr pasurim familjar. Tani pyetja b\u00ebhet : Kush jan\u00eb aleat\u00ebt e Sali Berish\u00ebs? Sali Berisha aleat kryesor ka patur dhe ka Ilir Met\u00ebn, n\u00eb bashk\u00ebqeverisje. Ka aleat dhe Fatmir Mediun, por nuk \u00ebsht\u00eb se s\u00ebsht\u00eb akuzuar shum\u00eb p\u00ebr pasuri p\u00ebrrallore dhe afera korruptive duke p\u00ebrjashtuar G\u00ebrdecin, q\u00eb ishte nj\u00eb afer\u00eb e familjes Berisha n\u00eb fakt\u201d shprehet Do\u00e7i i ftuar n\u00eb emisionin Java.<\/p>","protected":false},"excerpt":{"rendered":"<p>Gazetari Adriatik Do\u00e7i, foli mbi ngjarjet e fundit t\u00eb politik\u00ebs. Do\u00e7i diskutoi disa nga faktet kryesore se pse presidenti Ilir Meta , do t\u00eb jet\u00eb personazhi i radh\u00ebs politik, i cili do t\u00eb shpallet non grata nga SHBA-t\u00eb. \u201cGazetar\u00ebt flasin edhe n\u00eb baz\u00eb t\u00eb disa mesazheve dhe indicieve. Ne kemi disa indicie q\u00eb Ilir Meta [&hellip;]<\/p>\n","protected":false},"author":2030,"featured_media":237931,"comment_status":"closed","ping_status":"closed","sticky":false,"template":"","format":"standard","meta":{"footnotes":""},"categories":[241,3366,5380,231,1454],"tags":[],"class_list":{"0":"post-237930","1":"post","2":"type-post","3":"status-publish","4":"format-standard","5":"has-post-thumbnail","7":"category-aktualitet","8":"category-koment","9":"category-kryesore","10":"category-lajme","11":"category-politike"},"_links":{"self":[{"href":"https:\/\/zjarr.tv\/en\/wp-json\/wp\/v2\/posts\/237930","targetHints":{"allow":["GET"]}}],"collection":[{"href":"https:\/\/zjarr.tv\/en\/wp-json\/wp\/v2\/posts"}],"about":[{"href":"https:\/\/zjarr.tv\/en\/wp-json\/wp\/v2\/types\/post"}],"author":[{"embeddable":true,"href":"https:\/\/zjarr.tv\/en\/wp-json\/wp\/v2\/users\/2030"}],"replies":[{"embeddable":true,"href":"https:\/\/zjarr.tv\/en\/wp-json\/wp\/v2\/comments?post=237930"}],"version-history":[{"count":0,"href":"https:\/\/zjarr.tv\/en\/wp-json\/wp\/v2\/posts\/237930\/revisions"}],"wp:featuredmedia":[{"embeddable":true,"href":"https:\/\/zjarr.tv\/en\/wp-json\/wp\/v2\/media\/237931"}],"wp:attachment":[{"href":"https:\/\/zjarr.tv\/en\/wp-json\/wp\/v2\/media?parent=237930"}],"wp:term":[{"taxonomy":"category","embeddable":true,"href":"https:\/\/zjarr.tv\/en\/wp-json\/wp\/v2\/categories?post=237930"},{"taxonomy":"post_tag","embeddable":true,"href":"https:\/\/zjarr.tv\/en\/wp-json\/wp\/v2\/tags?post=237930"}],"curies":[{"name":"wp","href":"https:\/\/api.w.org\/{rel}","templated":true}]}}