{"id":237934,"date":"2022-02-18T18:31:29","date_gmt":"2022-02-18T17:31:29","guid":{"rendered":"https:\/\/zjarr.tv\/?p=237934"},"modified":"2022-02-18T18:31:29","modified_gmt":"2022-02-18T17:31:29","slug":"subashi-pas-marrjes-ne-pyetje-nga-spak-deklarate-per-mediat-ja-pse-u-thirra","status":"publish","type":"post","link":"https:\/\/zjarr.tv\/en\/subashi-pas-marrjes-ne-pyetje-nga-spak-deklarate-per-mediat-ja-pse-u-thirra\/","title":{"rendered":"Subashi pas marrjes n\u00eb pyetje nga SPAK, deklarat\u00eb p\u00ebr mediat: Ja pse u thirra"},"content":{"rendered":"<p>Kryetari i Bashkis\u00eb Fier Armando Subashi nuk ka zbuluar detaje rreth d\u00ebshmis\u00eb dha n\u00eb Prokurorin\u00eb e Posa\u00e7me Kund\u00ebr Korrupsionit dhe Krimit t\u00eb Organizuar (SPAK). Pes\u00eb or\u00eb pasi u fut brenda zyrave, Subashi doli dhe foli p\u00ebr mediat.<\/p>\n<p>I pyetur se \u00e7far\u00eb kishte d\u00ebshmuar para prokuror\u00ebve t\u00eb posa\u00e7\u00ebm, kryebashkiaku i Fierit tha se gjith\u00e7ka ishte pjes\u00eb e nj\u00eb sekreti hetimor, por q\u00eb do t\u00eb d\u00ebshmoj\u00eb sa her\u00eb t\u00eb thirret nga SPAK. E vetmja gj\u00eb q\u00eb shtoi \u00ebsht\u00eb se pyetjet lidheshin me inceneratorin e Fierit.<\/p>\n<p>\u201cDhash\u00eb deklarime p\u00ebr inceneratorin e Fierit, do p\u00ebrgjigjem n\u00eb SPAK sa her\u00eb t\u00eb thirrem. Nuk mund t\u00eb tregoj \u00e7far\u00eb thash\u00eb, jan\u00eb pjes\u00eb e sekretit hetimor. U thirra n\u00eb cil\u00ebsin\u00eb e deklaruesit,\u201d- tha Subashi nd\u00ebr t\u00eb tjera.<\/p>","protected":false},"excerpt":{"rendered":"<p>Kryetari i Bashkis\u00eb Fier Armando Subashi nuk ka zbuluar detaje rreth d\u00ebshmis\u00eb dha n\u00eb Prokurorin\u00eb e Posa\u00e7me Kund\u00ebr Korrupsionit dhe Krimit t\u00eb Organizuar (SPAK). Pes\u00eb or\u00eb pasi u fut brenda zyrave, Subashi doli dhe foli p\u00ebr mediat. I pyetur se \u00e7far\u00eb kishte d\u00ebshmuar para prokuror\u00ebve t\u00eb posa\u00e7\u00ebm, kryebashkiaku i Fierit tha se gjith\u00e7ka ishte pjes\u00eb [&hellip;]<\/p>\n","protected":false},"author":2030,"featured_media":237935,"comment_status":"closed","ping_status":"closed","sticky":false,"template":"","format":"standard","meta":{"footnotes":""},"categories":[241,3366,5380],"tags":[],"class_list":{"0":"post-237934","1":"post","2":"type-post","3":"status-publish","4":"format-standard","5":"has-post-thumbnail","7":"category-aktualitet","8":"category-koment","9":"category-kryesore"},"_links":{"self":[{"href":"https:\/\/zjarr.tv\/en\/wp-json\/wp\/v2\/posts\/237934","targetHints":{"allow":["GET"]}}],"collection":[{"href":"https:\/\/zjarr.tv\/en\/wp-json\/wp\/v2\/posts"}],"about":[{"href":"https:\/\/zjarr.tv\/en\/wp-json\/wp\/v2\/types\/post"}],"author":[{"embeddable":true,"href":"https:\/\/zjarr.tv\/en\/wp-json\/wp\/v2\/users\/2030"}],"replies":[{"embeddable":true,"href":"https:\/\/zjarr.tv\/en\/wp-json\/wp\/v2\/comments?post=237934"}],"version-history":[{"count":0,"href":"https:\/\/zjarr.tv\/en\/wp-json\/wp\/v2\/posts\/237934\/revisions"}],"wp:featuredmedia":[{"embeddable":true,"href":"https:\/\/zjarr.tv\/en\/wp-json\/wp\/v2\/media\/237935"}],"wp:attachment":[{"href":"https:\/\/zjarr.tv\/en\/wp-json\/wp\/v2\/media?parent=237934"}],"wp:term":[{"taxonomy":"category","embeddable":true,"href":"https:\/\/zjarr.tv\/en\/wp-json\/wp\/v2\/categories?post=237934"},{"taxonomy":"post_tag","embeddable":true,"href":"https:\/\/zjarr.tv\/en\/wp-json\/wp\/v2\/tags?post=237934"}],"curies":[{"name":"wp","href":"https:\/\/api.w.org\/{rel}","templated":true}]}}