{"id":238379,"date":"2022-02-21T11:06:31","date_gmt":"2022-02-21T10:06:31","guid":{"rendered":"https:\/\/zjarr.tv\/?p=238379"},"modified":"2022-02-21T11:06:31","modified_gmt":"2022-02-21T10:06:31","slug":"a-do-jepni-doreheqjen-nese-humbisni-ne-6-mars-basha-gjithmone-u-kam-qendruar-pergjegjesive-te-mia","status":"publish","type":"post","link":"https:\/\/zjarr.tv\/en\/a-do-jepni-doreheqjen-nese-humbisni-ne-6-mars-basha-gjithmone-u-kam-qendruar-pergjegjesive-te-mia\/","title":{"rendered":"\u201cA do jepni dor\u00ebheqjen n\u00ebse humbisni n\u00eb 6 mars?\u201d, Basha: Gjithmon\u00eb u kam q\u00ebndruar p\u00ebrgjegj\u00ebsive t\u00eb mia"},"content":{"rendered":"<p>I pyetur n\u00ebse do t\u00eb jepte dor\u00ebheqjen n\u00eb rast se do t\u00eb humbiste zgjedhje e pesshme lokale t\u00eb 6 marsit, kryedemokrati Lulzim Basha u p\u00ebrgjigj se ai u kishte q\u00ebndruar gjithmon\u00eb p\u00ebrgjegj\u00ebsive t\u00eb tij. Nd\u00ebrsa tha se kjo pyetje duhet t\u00eb drejtohej ndaj atyre personave t\u00eb cil\u00ebt sulmonin partin\u00eb Demokratike.<\/p>\n<p>Pyetje: Do jepni dor\u00ebheqjen n\u00ebse i humbni zgjedhjet e 6 marsit?<\/p>\n<p>Basha: Fjalimet e atyre q\u00eb jan\u00eb justifikuar i keni shum\u00eb qejf ju. Mos t\u00eb kesh asnj\u00eb merak ti se p\u00ebrgjegj\u00ebsive t\u00eb mia u kam q\u00ebndruar un\u00eb dhe u q\u00ebndroj. K\u00ebt\u00eb pyetje b\u00ebjani atyre q\u00eb sulmojn\u00eb PD-n\u00eb duke u p\u00ebrpjekur t\u00eb largojn\u00eb v\u00ebmendjen nga k\u00ebto denoncime q\u00eb po b\u00ebjm\u00eb.<\/p>\n<p>Do b\u00ebjm\u00eb gjith\u00e7ka q\u00eb \u00ebsht\u00eb e nevojshme q\u00eb regjimi t\u00eb shkoj\u00eb para p\u00ebrgjegj\u00ebsis\u00eb p\u00ebr afer\u00ebn e Incenerator\u00ebve.<\/p>","protected":false},"excerpt":{"rendered":"<p>I pyetur n\u00ebse do t\u00eb jepte dor\u00ebheqjen n\u00eb rast se do t\u00eb humbiste zgjedhje e pesshme lokale t\u00eb 6 marsit, kryedemokrati Lulzim Basha u p\u00ebrgjigj se ai u kishte q\u00ebndruar gjithmon\u00eb p\u00ebrgjegj\u00ebsive t\u00eb tij. Nd\u00ebrsa tha se kjo pyetje duhet t\u00eb drejtohej ndaj atyre personave t\u00eb cil\u00ebt sulmonin partin\u00eb Demokratike. Pyetje: Do jepni dor\u00ebheqjen n\u00ebse [&hellip;]<\/p>\n","protected":false},"author":2020,"featured_media":173852,"comment_status":"closed","ping_status":"closed","sticky":false,"template":"","format":"standard","meta":{"footnotes":""},"categories":[241,231],"tags":[],"class_list":{"0":"post-238379","1":"post","2":"type-post","3":"status-publish","4":"format-standard","5":"has-post-thumbnail","7":"category-aktualitet","8":"category-lajme"},"_links":{"self":[{"href":"https:\/\/zjarr.tv\/en\/wp-json\/wp\/v2\/posts\/238379","targetHints":{"allow":["GET"]}}],"collection":[{"href":"https:\/\/zjarr.tv\/en\/wp-json\/wp\/v2\/posts"}],"about":[{"href":"https:\/\/zjarr.tv\/en\/wp-json\/wp\/v2\/types\/post"}],"author":[{"embeddable":true,"href":"https:\/\/zjarr.tv\/en\/wp-json\/wp\/v2\/users\/2020"}],"replies":[{"embeddable":true,"href":"https:\/\/zjarr.tv\/en\/wp-json\/wp\/v2\/comments?post=238379"}],"version-history":[{"count":0,"href":"https:\/\/zjarr.tv\/en\/wp-json\/wp\/v2\/posts\/238379\/revisions"}],"wp:featuredmedia":[{"embeddable":true,"href":"https:\/\/zjarr.tv\/en\/wp-json\/wp\/v2\/media\/173852"}],"wp:attachment":[{"href":"https:\/\/zjarr.tv\/en\/wp-json\/wp\/v2\/media?parent=238379"}],"wp:term":[{"taxonomy":"category","embeddable":true,"href":"https:\/\/zjarr.tv\/en\/wp-json\/wp\/v2\/categories?post=238379"},{"taxonomy":"post_tag","embeddable":true,"href":"https:\/\/zjarr.tv\/en\/wp-json\/wp\/v2\/tags?post=238379"}],"curies":[{"name":"wp","href":"https:\/\/api.w.org\/{rel}","templated":true}]}}