{"id":238384,"date":"2022-02-21T11:06:32","date_gmt":"2022-02-21T10:06:32","guid":{"rendered":"https:\/\/zjarr.tv\/?p=238384"},"modified":"2022-02-21T11:06:32","modified_gmt":"2022-02-21T10:06:32","slug":"rishpikja-e-pamundur-e-lulzim-bashes","status":"publish","type":"post","link":"https:\/\/zjarr.tv\/en\/rishpikja-e-pamundur-e-lulzim-bashes\/","title":{"rendered":"Rishpikja e pamundur e Lulzim Bash\u00ebs!"},"content":{"rendered":"<p>Nga Bledian Koka<\/p>\n<p>N\u00eb munges\u00eb t\u00eb memeve t\u00eb s\u00eb Diel\u00ebs, ai q\u00eb nuk zhg\u00ebnjen kurr\u00eb me g\u00ebnjeshtrat e tij, e ndriti s\u00ebrish. &#8220;Kam qen\u00eb dhe un\u00eb n\u00eb 20 Mars n\u00eb sheshin Sk\u00ebnderbej kur u rr\u00ebzua busti i Enver Hoxh\u00ebs&#8221;- deklaroi dje Lulzim Basha nd\u00ebrsa firmoste nj\u00eb peticion p\u00ebr dekomunistizimin, nism\u00eb e nj\u00eb OJQ-je t\u00eb nj\u00eb prej dhjet\u00ebra sekretareve q\u00eb ka shpikur q\u00ebkur mori partin\u00eb.  Ai q\u00eb p\u00ebr 8 vjet kurr\u00eb nuk \u00ebsht\u00eb kujtuar t\u00eb b\u00ebj\u00eb asnj\u00eb gjysm\u00eb akti n\u00eb k\u00ebt\u00eb drejtim, u kujtua dje se Shqip\u00ebria paska harruar t\u00eb b\u00ebj\u00eb nj\u00eb gj\u00eb te vog\u00ebl&#8230;<\/p>\n<p> Dekomunistizimin!<\/p>\n<p>Nismat e Lulit nuk kan\u00eb asnj\u00eb ndryshim nga vesa e m\u00ebngjeseve t\u00eb Shkurtit. Ato treten sapo del dielli q\u00eb lajm\u00ebron zgjimin e atyre q\u00eb nuk flen\u00eb deri n\u00eb drek\u00eb. Por nuk \u00ebsht\u00eb kjo \u00e7\u00ebshtja. Ajo q\u00eb t\u00eb habit me Lulzim Bash\u00ebn, \u00ebsht\u00eb nevoja e tij p\u00ebr tu rishpikur si nj\u00eb njeri i ri q\u00eb ka qen\u00eb deri tani n\u00eb t\u00eb gjitha sukseset e k\u00ebtyre 30 viteve, por ama nuk ka marr\u00eb pjes\u00eb n\u00eb asnj\u00eb d\u00ebshtim. E kush? Ai, Lulzim Basha, njeriu i 4 humbjeve katastrofike t\u00eb s\u00eb djatht\u00ebs me t\u00eb n\u00eb krye.<\/p>\n<p>Lulzim Basha edhe mund t\u00eb ket\u00eb qen\u00eb dit\u00ebn kur u rr\u00ebzua busti i diktatorit, por artikulimi i tij sikur pa pranin\u00eb e tij n\u00eb shesh nje akt i till\u00eb do t\u00eb kishte qen\u00eb i pamundur, e shtoi patetizmin e firmosjes s\u00eb nj\u00eb peticioni. Nd\u00ebrsa Lulzim Basha &#8220;d\u00ebshmonte&#8221; dje aktin e tij prej 16- vje\u00e7ari te paepur n\u00eb 20 Shkurt 1991, mundohesha t\u00eb rr\u00ebmoja n\u00eb kok\u00ebn e Fatmir Merko\u00e7it aty ku fshihet plumbi i regjimit q\u00eb e q\u00eblloi, e q\u00eb mban ende n\u00eb trup si nj\u00eb shenj\u00eb reale q\u00eb Dekomunstizimi, nuk ndodhi kurr\u00eb ne Shqip\u00ebri.<\/p>\n<p>Lulzim Basha nuk foli p\u00ebr k\u00ebt\u00eb akt, as nuk e p\u00ebrmendi Fat Merko\u00e7in qoft\u00eb edhe kalimthi. Sepse at\u00eb qe n\u00eb 20 Shkurt 1991 e q\u00eblloi regjimi sepse po rr\u00ebzonte shtatoren e diktatorit, n\u00eb 8 Janar po me t\u00eb nj\u00ebjt\u00ebn eg\u00ebrsi e q\u00eblluan bandit\u00ebt SHQUP-it q\u00eb mbronin Lulzim Bash\u00ebn! Do t\u00eb mjaftonte kaq vet\u00ebdije nga Lulzim Basha q\u00eb ai ta qepte goj\u00ebn, t\u00eb pakt\u00ebn dje. Por Lulzim Basha ka vendosur t\u00eb rishpiket. E b\u00ebn k\u00ebt\u00eb duke i dh\u00ebn\u00eb vetes meritat e t\u00eb gjitha sukseseve ku nuk ka qen\u00eb gj\u00eb tjet\u00ebr ve\u00e7se nj\u00eb figurant i r\u00ebndomt\u00eb dhe shpesh, edhe problematik.<\/p>\n<p>\u00cbsht\u00eb po i nj\u00ebjti q\u00eb hiqet si ideatori dhe realizuesi i Rrug\u00ebs s\u00eb Kombit, por harron se Sali Berisha e z\u00ebvend\u00ebsoi me te ndjerin Sokol Olldashi sepse, projekti n\u00eb dor\u00ebn e tij po shkonte drejt kalendave greke! &#8220;Merita&#8221; e tij vetme n\u00eb at\u00eb vep\u00ebr madhore \u00ebsht\u00eb thjesht kallja &#8220;me procedur\u00eb&#8221; ndaj nj\u00eb hetimi q\u00eb e akuzonte Lul Bash\u00ebn p\u00ebr shp\u00ebrdorimin e nja 200 e ca milion\u00eb eurove!<\/p>\n<p>K\u00ebrkon t\u00eb rishpiket edhe si njeriu q\u00eb an\u00ebtar\u00ebsoi Shqip\u00ebrin\u00eb n\u00eb NATO, si njeriu qe liberalizoi vizat, njeriu q\u00eb i vet\u00ebm e mundi Edi Ram\u00ebn n\u00eb 2011, nd\u00ebrsa Arben Ristani sipas tij &#8220;b\u00ebnte loj\u00ebn e PS-s\u00eb&#8221;. Th\u00ebn\u00eb ndryshe, Lulzim Basha e kthen kok\u00ebn pas dhe ajo q\u00eb konstaton jan\u00eb vet\u00ebm \u00ebndrra t\u00eb parealizuara q\u00eb i ka par\u00eb e i sheh n\u00eb gjumin e tij proverbial. Sepse sa her\u00eb kthen kok\u00ebn pas, ai n\u00eb t\u00eb v\u00ebrtet\u00eb shikon vet\u00ebm d\u00ebshtimet e tij si politikan. Mir\u00ebpo sot atij i duhet rishpikja p\u00ebr mbijetes\u00eb politike. T\u00eb pakt\u00ebn edhe nj\u00eb vit, a makar edhe 3. Aq sa t\u00eb mashtroj\u00eb edhe disa militant\u00eb t\u00eb PD-s\u00eb. Aq sa tu thot\u00eb atyre se humbjen nuk e solli ai, at\u00eb ai e gjeti midis tyre. Aq sa mashtrimi t\u00eb prodhoi dhe disa miliona t\u00eb tjera p\u00ebr kompanit\u00eb e kunatit q\u00eb n\u00eb fakt jan\u00eb te tijat.<\/p>\n<p>Aq sa kat\u00ebr vilat te b\u00ebhen 8, e k\u00ebshtu me rradh\u00eb. Sepse, fundja Lulzim Basha ka probleme me shum\u00ebzimin, me &#8220;mbledhjen&#8221; aspak. Lulzim Basha nuk e ka p\u00ebr turp edhe t\u00eb thot\u00eb se ai ka qen\u00eb burri q\u00eb i doli p\u00ebrpara tankeve t\u00eb ushtris\u00eb kineze teksa largoheshin nga masakra e Tienanmenit, apo se ishte ai i pari qe ia nguli kazm\u00ebn Murit t\u00eb Berlinit q\u00eb ndante dy Gjermanit\u00eb, por p\u00ebr dreq aty q\u00eblloi Tobiasi i CAS-it.<\/p>\n<p>P\u00ebr aq koh\u00eb sa ai do t\u00eb shikoj\u00eb q\u00eb ka ende njer\u00ebz q\u00eb ia besojn\u00eb cirkun si opozit\u00eb, Lulzim Basha nuk e ka aspak problem t\u00eb luaj\u00eb pala\u00e7on q\u00eb ai \u00ebsht\u00eb n\u00eb t\u00eb v\u00ebrtet\u00eb.<\/p>\n<p>Tentativa e djeshme e Lulzimit p\u00ebr t\u00eb rishpikur Bash\u00ebn, nuk d\u00ebshtoi vet\u00ebm n\u00eb nj\u00eb pike. Ajo na konfirmoi edhe nj\u00ebher\u00eb se \u00e7far\u00eb p\u00ebrfaq\u00ebson Lulzim Basha si politikan &#8220;OMGJ&#8221;.<\/p>\n<p>N\u00eb pamje duket i rregullt, por mutacionet jan\u00eb sa t\u00eb paparashikueshme,- aq edhe t\u00eb rrezikshme si p\u00ebr ata q\u00eb e programojn\u00eb dhe p\u00ebr ata q\u00eb i konsumojn\u00eb.<\/p>","protected":false},"excerpt":{"rendered":"<p>Nga Bledian Koka N\u00eb munges\u00eb t\u00eb memeve t\u00eb s\u00eb Diel\u00ebs, ai q\u00eb nuk zhg\u00ebnjen kurr\u00eb me g\u00ebnjeshtrat e tij, e ndriti s\u00ebrish. &#8220;Kam qen\u00eb dhe un\u00eb n\u00eb 20 Mars n\u00eb sheshin Sk\u00ebnderbej kur u rr\u00ebzua busti i Enver Hoxh\u00ebs&#8221;- deklaroi dje Lulzim Basha nd\u00ebrsa firmoste nj\u00eb peticion p\u00ebr dekomunistizimin, nism\u00eb e nj\u00eb OJQ-je t\u00eb nj\u00eb [&hellip;]<\/p>\n","protected":false},"author":2031,"featured_media":238385,"comment_status":"closed","ping_status":"closed","sticky":false,"template":"","format":"standard","meta":{"footnotes":""},"categories":[231],"tags":[],"class_list":{"0":"post-238384","1":"post","2":"type-post","3":"status-publish","4":"format-standard","5":"has-post-thumbnail","7":"category-lajme"},"_links":{"self":[{"href":"https:\/\/zjarr.tv\/en\/wp-json\/wp\/v2\/posts\/238384","targetHints":{"allow":["GET"]}}],"collection":[{"href":"https:\/\/zjarr.tv\/en\/wp-json\/wp\/v2\/posts"}],"about":[{"href":"https:\/\/zjarr.tv\/en\/wp-json\/wp\/v2\/types\/post"}],"author":[{"embeddable":true,"href":"https:\/\/zjarr.tv\/en\/wp-json\/wp\/v2\/users\/2031"}],"replies":[{"embeddable":true,"href":"https:\/\/zjarr.tv\/en\/wp-json\/wp\/v2\/comments?post=238384"}],"version-history":[{"count":0,"href":"https:\/\/zjarr.tv\/en\/wp-json\/wp\/v2\/posts\/238384\/revisions"}],"wp:featuredmedia":[{"embeddable":true,"href":"https:\/\/zjarr.tv\/en\/wp-json\/wp\/v2\/media\/238385"}],"wp:attachment":[{"href":"https:\/\/zjarr.tv\/en\/wp-json\/wp\/v2\/media?parent=238384"}],"wp:term":[{"taxonomy":"category","embeddable":true,"href":"https:\/\/zjarr.tv\/en\/wp-json\/wp\/v2\/categories?post=238384"},{"taxonomy":"post_tag","embeddable":true,"href":"https:\/\/zjarr.tv\/en\/wp-json\/wp\/v2\/tags?post=238384"}],"curies":[{"name":"wp","href":"https:\/\/api.w.org\/{rel}","templated":true}]}}