{"id":238390,"date":"2022-02-21T11:15:53","date_gmt":"2022-02-21T10:15:53","guid":{"rendered":"https:\/\/zjarr.tv\/?p=238390"},"modified":"2022-02-21T11:15:53","modified_gmt":"2022-02-21T10:15:53","slug":"yuri-kim-presion-kandidateve-te-berishes-per-6-marsin-reagon-paloka-ju-zonje","status":"publish","type":"post","link":"https:\/\/zjarr.tv\/en\/yuri-kim-presion-kandidateve-te-berishes-per-6-marsin-reagon-paloka-ju-zonje\/","title":{"rendered":"Yuri Kim \u2018presion\u2019 kandidat\u00ebve t\u00eb Berish\u00ebs p\u00ebr 6 marsin, reagon Paloka: Ju zonj\u00eb\u2026"},"content":{"rendered":"<p>Deputeti demokrat Edi Paloka i \u00ebsht\u00eb kund\u00ebrp\u00ebrgjigjur ambasadores Yuri Kim pas deklarat\u00ebs s\u00eb sotme duke th\u00ebn\u00eb se po d\u00ebmton imazhin e vendit dhe marr\u00ebdh\u00ebniet e vendit me SHBA-n\u00eb.<\/p>\n<p>\u201cPo ju them sot, se askush me shume se ju nuk po perpiqet ta bej nje gje te tille duke u vene ne krah te nje qeverie qe vete Departamenti juaj i Shtetit e ka cilesuar si me te korruptuaren ne rajon!\u201d-ka th\u00ebn\u00eb Paloka p\u00ebrmes nj\u00eb postimi n\u00eb Facebook.<\/p>\n<p>Kujtojm\u00eb se Kim l\u00ebshoi deklarat\u00ebn e fort\u00eb p\u00ebr zgjedhjet lokale duke shkruar: \u201d\u00c7far\u00eb i detyrohen kandidat\u00ebt e 6 marsit Sali Berish\u00ebs?\u201d Paloka thekson se ambasadorja duhet t\u00eb fokusohet te skandali i incenerator\u00ebve p\u00ebr t\u00eb kuptuar se kush e b\u00ebn korrupsionin n\u00eb k\u00ebt\u00eb vend.<\/p>\n<p>Pra sipas jush zonja ambasadore, shqiptaret duhet te votojne kandidatet e ketyre\u2026?!!<\/p>\n<p>Keta shqiptaret i njohin mire po dhe ju zonje , sikur vetem skandalin e fundit te inceneratoreve te kishit ndjekur, do e dinit po aq mire se kush jane te korruptuarit e kryekorruptuarit ne kete vend.<\/p>\n<p>Vertete nuk e kuptoni se keshtu nuk po beni gje tjeter , vecse po demtoni imazhin e vendit qe perfaqesoni perpara nje populli qe ate vend e adhuron pikerisht per vlerat dhe parimet qe perfaqeson e jo vetem per historine qe na lidh?!<\/p>\n<p>Keni thene dikur se ka nga ata qe perpiqen te prishin marrdheniet midis SHBA dhe shqiptareve! Po ju them sot, se askush me shume se ju nuk po perpiqet ta bej nje gje te tille duke u vene ne krah te nje qeverie qe vete Departamenti juaj i Shtetit e ka cilesuar si me te korruptuaren ne r<\/p>","protected":false},"excerpt":{"rendered":"<p>Deputeti demokrat Edi Paloka i \u00ebsht\u00eb kund\u00ebrp\u00ebrgjigjur ambasadores Yuri Kim pas deklarat\u00ebs s\u00eb sotme duke th\u00ebn\u00eb se po d\u00ebmton imazhin e vendit dhe marr\u00ebdh\u00ebniet e vendit me SHBA-n\u00eb. \u201cPo ju them sot, se askush me shume se ju nuk po perpiqet ta bej nje gje te tille duke u vene ne krah te nje qeverie [&hellip;]<\/p>\n","protected":false},"author":2020,"featured_media":238391,"comment_status":"closed","ping_status":"closed","sticky":false,"template":"","format":"standard","meta":{"footnotes":""},"categories":[241,5380,231],"tags":[],"class_list":{"0":"post-238390","1":"post","2":"type-post","3":"status-publish","4":"format-standard","5":"has-post-thumbnail","7":"category-aktualitet","8":"category-kryesore","9":"category-lajme"},"_links":{"self":[{"href":"https:\/\/zjarr.tv\/en\/wp-json\/wp\/v2\/posts\/238390","targetHints":{"allow":["GET"]}}],"collection":[{"href":"https:\/\/zjarr.tv\/en\/wp-json\/wp\/v2\/posts"}],"about":[{"href":"https:\/\/zjarr.tv\/en\/wp-json\/wp\/v2\/types\/post"}],"author":[{"embeddable":true,"href":"https:\/\/zjarr.tv\/en\/wp-json\/wp\/v2\/users\/2020"}],"replies":[{"embeddable":true,"href":"https:\/\/zjarr.tv\/en\/wp-json\/wp\/v2\/comments?post=238390"}],"version-history":[{"count":0,"href":"https:\/\/zjarr.tv\/en\/wp-json\/wp\/v2\/posts\/238390\/revisions"}],"wp:featuredmedia":[{"embeddable":true,"href":"https:\/\/zjarr.tv\/en\/wp-json\/wp\/v2\/media\/238391"}],"wp:attachment":[{"href":"https:\/\/zjarr.tv\/en\/wp-json\/wp\/v2\/media?parent=238390"}],"wp:term":[{"taxonomy":"category","embeddable":true,"href":"https:\/\/zjarr.tv\/en\/wp-json\/wp\/v2\/categories?post=238390"},{"taxonomy":"post_tag","embeddable":true,"href":"https:\/\/zjarr.tv\/en\/wp-json\/wp\/v2\/tags?post=238390"}],"curies":[{"name":"wp","href":"https:\/\/api.w.org\/{rel}","templated":true}]}}