{"id":238403,"date":"2022-02-21T12:02:11","date_gmt":"2022-02-21T11:02:11","guid":{"rendered":"https:\/\/zjarr.tv\/?p=238403"},"modified":"2022-02-21T12:02:11","modified_gmt":"2022-02-21T11:02:11","slug":"non-grata-por-vangush-dako-udheheq-fushaten-e-ps-tjeter-takim-ne-mbeshtetje-te-kandidates-sako","status":"publish","type":"post","link":"https:\/\/zjarr.tv\/en\/non-grata-por-vangush-dako-udheheq-fushaten-e-ps-tjeter-takim-ne-mbeshtetje-te-kandidates-sako\/","title":{"rendered":"Non grata\u201d, por Vangush Dako udh\u00ebheq fushat\u00ebn e PS. Tjet\u00ebr takim n\u00eb mb\u00ebshtetje t\u00eb kandidates Sako"},"content":{"rendered":"<p>Kandidatja e PS-s\u00eb n\u00eb Bashkin\u00eb e Durr\u00ebsit, Emirjana Sako, ka gjetur mb\u00ebshtetjen nga ish-kryebashkiaku i qytetit bregdetar, Vangjush Dako p\u00ebr gar\u00ebn elektorale t\u00eb 6 marsit. Ishkryebashkiaku socialist vijon t\u00eb udh\u00ebheq\u00eb fushat\u00ebn e Emirjana Sakos, ku dit\u00ebn e djeshme, zhvilloi nj\u00eb takim me strukturat e PS-s\u00eb n\u00eb Durr\u00ebs.<\/p>\n<p>Pavar\u00ebsisht se \u00ebsht\u00eb shpallur \u201cnon grata\u201d nga SHBA-ja dhe akuzave t\u00eb shumta nga opozita, ai vijon t\u00eb zhvilloj\u00eb takime me p\u00ebrfaq\u00ebsuesit e socialist\u00ebve n\u00eb Durr\u00ebs. Edhe disa dit\u00eb m\u00eb par\u00eb, Vangjush Dako drejtonte nj\u00eb takim tjet\u00ebr elektoral n\u00eb Nj\u00ebsin\u00eb Administrative nr.6 n\u00eb Durr\u00ebs me dat\u00ebn 6 shkurt. Ish-kryebashkiaku i Durr\u00ebsit duket i paz\u00ebvend\u00ebsuesh\u00ebm p\u00ebr socialist\u00ebt, pavar\u00ebsisht \u201cdamk\u00ebs\u201d q\u00eb mori kur u shpall \u201cnon grata\u201d nga Shtetet e Bashkuara t\u00eb Amerik\u00ebs.<\/p>\n<p>Kryeministri Rama e justifikoi moskandidimin e Dakos si nj\u00eb zgjedhje personale t\u00eb ish-kryebashkiakut. I pyetur p\u00ebr marr\u00ebdh\u00ebnien e tij me Dakon, pas shpalljes \u201cnon grata\u201d t\u00eb kryebashkiakut, Rama u shpreh: \u201cVangjush Dako ka qen\u00eb, \u00ebsht\u00eb dhe do t\u00eb jet\u00eb miku im\u201d \u00ebsht\u00eb shprehur Rama duke shtuar: \u201cNuk ma p\u00ebrcakton DASH-i mua k\u00eb kam mik dhe k\u00eb nuk kam mik. Mua m\u00eb p\u00ebrcakton morali im dhe bindja ime. Edhe n\u00eb burg t\u00eb shkoj\u00eb nes\u00ebr do t\u00eb jet\u00eb miku im, por me Vangjush Dakon nuk kam b\u00ebr\u00eb kurr\u00eb, as m\u00eb ka k\u00ebrkuar as i kam k\u00ebrkuar, as kemi bashk\u00ebpunuar dhe as i kemi k\u00ebrkuar bashk\u00ebpunim t\u00eb tjer\u00ebve, asnj\u00eb shkelje t\u00eb ligjit t\u00eb RSH-s\u00eb\u201d.<\/p>\n<p>Po dje, sekretari i P\u00ebrgjithsh\u00ebm i PS-s\u00eb, Damian Gjiknuri, prezantoi kandidaten e p\u00ebr kryetare t\u00eb Bashkis\u00eb s\u00eb Durr\u00ebsit, Emiriana Sako. \u201cUn\u00eb e di q\u00eb fitorja nuk k\u00ebrc\u00ebnohet nga kund\u00ebrshtar\u00ebt tan\u00eb, n\u00eb luft\u00eb jan\u00eb dy humb\u00ebs, nj\u00ebri \u00ebsht\u00eb humb\u00ebs kronik, por q\u00eb \u00ebsht\u00eb \u2018grata\u2019 dhe tjetri q\u00eb \u00ebsht\u00eb i pap\u00eblqyesh\u00ebm nga faktori nd\u00ebrkomb\u00ebtar, nga SHBA-ja, por nj\u00ebkoh\u00ebsisht \u00ebsht\u00eb nj\u00eb njeri q\u00eb ju e dini shum\u00eb mir\u00eb historin\u00eb e tij politike, thjesht ata luftojn\u00eb p\u00ebr mbijetes\u00ebn e tyre politike. Po pse do t\u00eb p\u00ebrdoren qytetar\u00ebt durrsak\u00eb apo t\u00eb bashkive t\u00eb tjera se kush nga ata do t\u00eb mbijetoj\u00eb politikisht? Jo se kan\u00eb durrsak\u00ebt k\u00ebt\u00eb hall, durrsak\u00ebt duan zhvillimin, se jan\u00eb qytetar\u00eb nga natyra dhe duan zhvillimin, nuk jan\u00eb tifoz\u00eb politik\u00eb, nuk e fiton dot kollaj zemr\u00ebn e Durr\u00ebsit, p\u00ebrve\u00e7se me vepra konkrete dhe me sjellje konkrete\u201d, u shpreh Gjiknuri\\Panorama<\/p>","protected":false},"excerpt":{"rendered":"<p>Kandidatja e PS-s\u00eb n\u00eb Bashkin\u00eb e Durr\u00ebsit, Emirjana Sako, ka gjetur mb\u00ebshtetjen nga ish-kryebashkiaku i qytetit bregdetar, Vangjush Dako p\u00ebr gar\u00ebn elektorale t\u00eb 6 marsit. Ishkryebashkiaku socialist vijon t\u00eb udh\u00ebheq\u00eb fushat\u00ebn e Emirjana Sakos, ku dit\u00ebn e djeshme, zhvilloi nj\u00eb takim me strukturat e PS-s\u00eb n\u00eb Durr\u00ebs. Pavar\u00ebsisht se \u00ebsht\u00eb shpallur \u201cnon grata\u201d nga SHBA-ja [&hellip;]<\/p>\n","protected":false},"author":2020,"featured_media":238404,"comment_status":"closed","ping_status":"closed","sticky":false,"template":"","format":"standard","meta":{"footnotes":""},"categories":[241,5380,231],"tags":[],"class_list":{"0":"post-238403","1":"post","2":"type-post","3":"status-publish","4":"format-standard","5":"has-post-thumbnail","7":"category-aktualitet","8":"category-kryesore","9":"category-lajme"},"_links":{"self":[{"href":"https:\/\/zjarr.tv\/en\/wp-json\/wp\/v2\/posts\/238403","targetHints":{"allow":["GET"]}}],"collection":[{"href":"https:\/\/zjarr.tv\/en\/wp-json\/wp\/v2\/posts"}],"about":[{"href":"https:\/\/zjarr.tv\/en\/wp-json\/wp\/v2\/types\/post"}],"author":[{"embeddable":true,"href":"https:\/\/zjarr.tv\/en\/wp-json\/wp\/v2\/users\/2020"}],"replies":[{"embeddable":true,"href":"https:\/\/zjarr.tv\/en\/wp-json\/wp\/v2\/comments?post=238403"}],"version-history":[{"count":0,"href":"https:\/\/zjarr.tv\/en\/wp-json\/wp\/v2\/posts\/238403\/revisions"}],"wp:featuredmedia":[{"embeddable":true,"href":"https:\/\/zjarr.tv\/en\/wp-json\/wp\/v2\/media\/238404"}],"wp:attachment":[{"href":"https:\/\/zjarr.tv\/en\/wp-json\/wp\/v2\/media?parent=238403"}],"wp:term":[{"taxonomy":"category","embeddable":true,"href":"https:\/\/zjarr.tv\/en\/wp-json\/wp\/v2\/categories?post=238403"},{"taxonomy":"post_tag","embeddable":true,"href":"https:\/\/zjarr.tv\/en\/wp-json\/wp\/v2\/tags?post=238403"}],"curies":[{"name":"wp","href":"https:\/\/api.w.org\/{rel}","templated":true}]}}