{"id":238416,"date":"2022-02-21T12:40:16","date_gmt":"2022-02-21T11:40:16","guid":{"rendered":"https:\/\/zjarr.tv\/?p=238416"},"modified":"2022-02-21T12:40:16","modified_gmt":"2022-02-21T11:40:16","slug":"jorida-tabaku-takim-koke-me-koke-me-kreun-e-spak-zbardh-cfare-eshte-vendosur-per-ceshtjen-me-te-nxehte","status":"publish","type":"post","link":"https:\/\/zjarr.tv\/en\/jorida-tabaku-takim-koke-me-koke-me-kreun-e-spak-zbardh-cfare-eshte-vendosur-per-ceshtjen-me-te-nxehte\/","title":{"rendered":"Jorida Tabaku takim \u2018kok\u00eb m\u00eb kok\u00eb\u2019 me kreun e SPAK, zbardh \u00e7far\u00eb \u00ebsht\u00eb vendosur p\u00ebr \u00e7\u00ebshtjen m\u00eb t\u00eb \u2018nxeht\u00eb\u2019"},"content":{"rendered":"<p>Pas nj\u00eb takimi \u2018kok\u00eb m\u00eb kok\u00eb\u2019 q\u00eb kishte kryetarja e komisionit hetimor p\u00ebr incenerator\u00ebt, Jorida Tabaku\u00a0 me kreun e SPAK ka folur p\u00ebr media.<\/p>\n<p class=\"p1\"><strong><span class=\"s1\">Reagimi i Tabakut:<\/span><\/strong><\/p>\n<p>\u201cKomisioni hetimor n\u00eb 5 dit\u00ebt e tij t\u00eb fundit sot nisim d\u00ebshmit\u00eb me d\u00ebshmitar\u00ebt politik\u00eb.<\/p>\n<p>Jemi drejt fundit, e siguruam p\u00ebr gjith\u00eb angazhimin q\u00eb ti shkojm\u00eb k\u00ebsaj \u00e7\u00ebshtje deri n\u00eb fund p\u00ebr ti vendosur gjith\u00eb informacionin dokumentet q\u00eb do ket\u00eb dhe raportin p\u00ebrfundimtar,p\u00ebr tu siguruar dhe konfirmuar q\u00eb puna e komisionit \u00ebsht\u00eb n\u00eb mb\u00ebshtetje t\u00eb SPAK p\u00ebr t\u00eb nxiture SPAK, e n\u00eb asnj\u00eb moment n\u00eb mbivendosje t\u00eb detyrave t\u00eb SPAK.<\/p>\n<p>Sigurova q\u00eb deri m\u00eb sot s\u2019ka asnj\u00eb mbivendosje t\u00eb pun\u00ebs s\u00eb komisionit hetimor s\u2019ka asnj\u00eb cenim t\u00eb kompetencave tona, po mb\u00ebshtesim SPAK n\u00eb pun\u00ebn e tij duke b\u00ebr\u00eb provat transparente p\u00ebr publikun dhe duke i leht\u00ebsuar pun\u00ebn SPAK\u201d, tha Tabaku p\u00ebr mediat.<\/p>","protected":false},"excerpt":{"rendered":"<p>Pas nj\u00eb takimi \u2018kok\u00eb m\u00eb kok\u00eb\u2019 q\u00eb kishte kryetarja e komisionit hetimor p\u00ebr incenerator\u00ebt, Jorida Tabaku\u00a0 me kreun e SPAK ka folur p\u00ebr media. Reagimi i Tabakut: \u201cKomisioni hetimor n\u00eb 5 dit\u00ebt e tij t\u00eb fundit sot nisim d\u00ebshmit\u00eb me d\u00ebshmitar\u00ebt politik\u00eb. Jemi drejt fundit, e siguruam p\u00ebr gjith\u00eb angazhimin q\u00eb ti shkojm\u00eb k\u00ebsaj \u00e7\u00ebshtje [&hellip;]<\/p>\n","protected":false},"author":2020,"featured_media":142523,"comment_status":"closed","ping_status":"closed","sticky":false,"template":"","format":"standard","meta":{"footnotes":""},"categories":[241,5380,231],"tags":[],"class_list":{"0":"post-238416","1":"post","2":"type-post","3":"status-publish","4":"format-standard","5":"has-post-thumbnail","7":"category-aktualitet","8":"category-kryesore","9":"category-lajme"},"_links":{"self":[{"href":"https:\/\/zjarr.tv\/en\/wp-json\/wp\/v2\/posts\/238416","targetHints":{"allow":["GET"]}}],"collection":[{"href":"https:\/\/zjarr.tv\/en\/wp-json\/wp\/v2\/posts"}],"about":[{"href":"https:\/\/zjarr.tv\/en\/wp-json\/wp\/v2\/types\/post"}],"author":[{"embeddable":true,"href":"https:\/\/zjarr.tv\/en\/wp-json\/wp\/v2\/users\/2020"}],"replies":[{"embeddable":true,"href":"https:\/\/zjarr.tv\/en\/wp-json\/wp\/v2\/comments?post=238416"}],"version-history":[{"count":0,"href":"https:\/\/zjarr.tv\/en\/wp-json\/wp\/v2\/posts\/238416\/revisions"}],"wp:featuredmedia":[{"embeddable":true,"href":"https:\/\/zjarr.tv\/en\/wp-json\/wp\/v2\/media\/142523"}],"wp:attachment":[{"href":"https:\/\/zjarr.tv\/en\/wp-json\/wp\/v2\/media?parent=238416"}],"wp:term":[{"taxonomy":"category","embeddable":true,"href":"https:\/\/zjarr.tv\/en\/wp-json\/wp\/v2\/categories?post=238416"},{"taxonomy":"post_tag","embeddable":true,"href":"https:\/\/zjarr.tv\/en\/wp-json\/wp\/v2\/tags?post=238416"}],"curies":[{"name":"wp","href":"https:\/\/api.w.org\/{rel}","templated":true}]}}