{"id":238421,"date":"2022-02-21T13:11:28","date_gmt":"2022-02-21T12:11:28","guid":{"rendered":"https:\/\/zjarr.tv\/?p=238421"},"modified":"2022-02-21T13:11:28","modified_gmt":"2022-02-21T12:11:28","slug":"paloka-yuri-kimit-pra-zonja-ambasadore-shqiptaret-te-votojne-te-korruptuarit","status":"publish","type":"post","link":"https:\/\/zjarr.tv\/en\/paloka-yuri-kimit-pra-zonja-ambasadore-shqiptaret-te-votojne-te-korruptuarit\/","title":{"rendered":"Paloka-Yuri Kimit: Pra zonja ambasadore, shqiptar\u00ebt t\u00eb votojn\u00eb t\u00eb korruptuarit!"},"content":{"rendered":"<p>Deputeti demokrat, Edi Paloka i \u00ebsht\u00eb p\u00ebrgjigjur deklarat\u00ebs s\u00eb ambasadores s\u00eb SHBA-s\u00eb n\u00eb Tiran\u00eb, Yuri Kim.<\/p>\n<p>Paloka ka publikuar foto t\u00eb takimeve t\u00eb Yuri Kim me drejtues t\u00eb PS-s\u00eb dhe qeveris\u00eb s\u00eb saj, t\u00eb cil\u00ebt jan\u00eb akuzuar si t\u00eb p\u00ebrfshir\u00eb zyrtar\u00eb n\u00eb skandalin e incenerator\u00ebv\u00eb.<\/p>\n<p><strong>Reagimi i Edi Palok\u00ebs:<\/strong><\/p>\n<p>Pra sipas jush zonja ambasadore, shqiptaret duhet te votojn\u00eb kandidat\u00ebt e k\u00ebtyre\u2026?!!<\/p>\n<p>K\u00ebta shqiptar\u00ebt i njohin mir\u00eb po dhe ju zonj\u00eb, sikur vet\u00ebm skandalin e fundit t\u00eb incenerator\u00ebve t\u00eb kishit ndjekur, do e dinit po aq mir\u00eb se kush jan\u00eb t\u00eb korruptuarit e kryekorruptuarit n\u00eb k\u00ebt\u00eb vend.<\/p>\n<p>V\u00ebrtet\u00eb nuk e kuptoni se k\u00ebshtu nuk po b\u00ebni gj\u00eb tjet\u00ebr, ve\u00e7se po d\u00ebmtoni imazhin e vendit q\u00eb p\u00ebrfaq\u00ebsoni p\u00ebrpara nj\u00eb populli q\u00eb at\u00eb vend e adhuron pik\u00ebrisht p\u00ebr vlerat dhe parimet q\u00eb p\u00ebrfaq\u00ebson e jo vet\u00ebm p\u00ebr historin\u00eb q\u00eb na lidh?!<\/p>\n<p>Keni th\u00ebn\u00eb dikur se ka nga ata q\u00eb p\u00ebrpiqen t\u00eb prishin marr\u00ebdh\u00ebniet midis SHBA dhe shqiptar\u00ebve!<\/p>\n<p>Po ju them sot, se askush m\u00eb shum\u00eb se ju nuk po p\u00ebrpiqet ta b\u00ebj\u00eb nj\u00eb gj\u00eb t\u00eb till\u00eb duke u v\u00ebn\u00eb n\u00eb krah t\u00eb nj\u00eb qeverie q\u00eb vet\u00eb Departamenti juaj i Shtetit e ka cil\u00ebsuar si m\u00eb t\u00eb korruptuar\u00ebn n\u00eb rajon!<\/p>","protected":false},"excerpt":{"rendered":"<p>Deputeti demokrat, Edi Paloka i \u00ebsht\u00eb p\u00ebrgjigjur deklarat\u00ebs s\u00eb ambasadores s\u00eb SHBA-s\u00eb n\u00eb Tiran\u00eb, Yuri Kim. Paloka ka publikuar foto t\u00eb takimeve t\u00eb Yuri Kim me drejtues t\u00eb PS-s\u00eb dhe qeveris\u00eb s\u00eb saj, t\u00eb cil\u00ebt jan\u00eb akuzuar si t\u00eb p\u00ebrfshir\u00eb zyrtar\u00eb n\u00eb skandalin e incenerator\u00ebv\u00eb. Reagimi i Edi Palok\u00ebs: Pra sipas jush zonja ambasadore, shqiptaret [&hellip;]<\/p>\n","protected":false},"author":2020,"featured_media":238422,"comment_status":"closed","ping_status":"closed","sticky":false,"template":"","format":"standard","meta":{"footnotes":""},"categories":[241,231],"tags":[],"class_list":{"0":"post-238421","1":"post","2":"type-post","3":"status-publish","4":"format-standard","5":"has-post-thumbnail","7":"category-aktualitet","8":"category-lajme"},"_links":{"self":[{"href":"https:\/\/zjarr.tv\/en\/wp-json\/wp\/v2\/posts\/238421","targetHints":{"allow":["GET"]}}],"collection":[{"href":"https:\/\/zjarr.tv\/en\/wp-json\/wp\/v2\/posts"}],"about":[{"href":"https:\/\/zjarr.tv\/en\/wp-json\/wp\/v2\/types\/post"}],"author":[{"embeddable":true,"href":"https:\/\/zjarr.tv\/en\/wp-json\/wp\/v2\/users\/2020"}],"replies":[{"embeddable":true,"href":"https:\/\/zjarr.tv\/en\/wp-json\/wp\/v2\/comments?post=238421"}],"version-history":[{"count":0,"href":"https:\/\/zjarr.tv\/en\/wp-json\/wp\/v2\/posts\/238421\/revisions"}],"wp:featuredmedia":[{"embeddable":true,"href":"https:\/\/zjarr.tv\/en\/wp-json\/wp\/v2\/media\/238422"}],"wp:attachment":[{"href":"https:\/\/zjarr.tv\/en\/wp-json\/wp\/v2\/media?parent=238421"}],"wp:term":[{"taxonomy":"category","embeddable":true,"href":"https:\/\/zjarr.tv\/en\/wp-json\/wp\/v2\/categories?post=238421"},{"taxonomy":"post_tag","embeddable":true,"href":"https:\/\/zjarr.tv\/en\/wp-json\/wp\/v2\/tags?post=238421"}],"curies":[{"name":"wp","href":"https:\/\/api.w.org\/{rel}","templated":true}]}}