{"id":238476,"date":"2022-02-21T17:33:33","date_gmt":"2022-02-21T16:33:33","guid":{"rendered":"https:\/\/zjarr.tv\/?p=238476"},"modified":"2022-02-21T17:33:33","modified_gmt":"2022-02-21T16:33:33","slug":"takimi-ilir-meta-pret-ish-kryeministrin-e-kosoves-forcim-te-raporteve-mes-dy-vendeve-per-te-per-shpejtuar-procesin-e-integrimit","status":"publish","type":"post","link":"https:\/\/zjarr.tv\/en\/takimi-ilir-meta-pret-ish-kryeministrin-e-kosoves-forcim-te-raporteve-mes-dy-vendeve-per-te-per-shpejtuar-procesin-e-integrimit\/","title":{"rendered":"Takimi\/ Ilir Meta pret ish-kryeministrin e Kosov\u00ebs: Forcim t\u00eb raporteve mes dy vendeve p\u00ebr t\u00eb p\u00ebr shpejtuar procesin e integrimit"},"content":{"rendered":"<p>Presidenti Ilir Meta ka pritur n\u00eb Presidenc\u00eb ish-kryeministrin e Kosov\u00ebs, Avdullah Hoti. N\u00eb postimin e tij n\u00eb rrjetin social n\u00eb Facebook, Meta shkruan se ndau me Hotin \u201cdomosdoshm\u00ebrin\u00eb e forcimit t\u00eb marr\u00ebdh\u00ebnieve strategjike mes Shqip\u00ebris\u00eb dhe Kosov\u00ebs, n\u00eb t\u00eb gjitha fushat, me q\u00ebllim p\u00ebrshpejtimin e proceseve integruese.\u201d<\/p>\n<p>Postimi i plot\u00eb:<\/p>\n<p>Mir\u00ebprita sot n\u00eb nj\u00eb takim v\u00ebllaz\u00ebror ish-kryeministrin e Kosov\u00ebs, z.Avdullah Hoti.<\/p>\n<p>Ndam\u00eb mendime t\u00eb vyera p\u00ebr domosdoshm\u00ebrin\u00eb e forcimit t\u00eb marr\u00ebdh\u00ebnieve strategjike mes Shqip\u00ebris\u00eb dhe Kosov\u00ebs, n\u00eb t\u00eb gjitha fushat, me q\u00ebllim p\u00ebrshpejtimin e proceseve integruese.<\/p>","protected":false},"excerpt":{"rendered":"<p>Presidenti Ilir Meta ka pritur n\u00eb Presidenc\u00eb ish-kryeministrin e Kosov\u00ebs, Avdullah Hoti. N\u00eb postimin e tij n\u00eb rrjetin social n\u00eb Facebook, Meta shkruan se ndau me Hotin \u201cdomosdoshm\u00ebrin\u00eb e forcimit t\u00eb marr\u00ebdh\u00ebnieve strategjike mes Shqip\u00ebris\u00eb dhe Kosov\u00ebs, n\u00eb t\u00eb gjitha fushat, me q\u00ebllim p\u00ebrshpejtimin e proceseve integruese.\u201d Postimi i plot\u00eb: Mir\u00ebprita sot n\u00eb nj\u00eb takim [&hellip;]<\/p>\n","protected":false},"author":2031,"featured_media":238477,"comment_status":"closed","ping_status":"closed","sticky":false,"template":"","format":"standard","meta":{"footnotes":""},"categories":[231],"tags":[],"class_list":{"0":"post-238476","1":"post","2":"type-post","3":"status-publish","4":"format-standard","5":"has-post-thumbnail","7":"category-lajme"},"_links":{"self":[{"href":"https:\/\/zjarr.tv\/en\/wp-json\/wp\/v2\/posts\/238476","targetHints":{"allow":["GET"]}}],"collection":[{"href":"https:\/\/zjarr.tv\/en\/wp-json\/wp\/v2\/posts"}],"about":[{"href":"https:\/\/zjarr.tv\/en\/wp-json\/wp\/v2\/types\/post"}],"author":[{"embeddable":true,"href":"https:\/\/zjarr.tv\/en\/wp-json\/wp\/v2\/users\/2031"}],"replies":[{"embeddable":true,"href":"https:\/\/zjarr.tv\/en\/wp-json\/wp\/v2\/comments?post=238476"}],"version-history":[{"count":0,"href":"https:\/\/zjarr.tv\/en\/wp-json\/wp\/v2\/posts\/238476\/revisions"}],"wp:featuredmedia":[{"embeddable":true,"href":"https:\/\/zjarr.tv\/en\/wp-json\/wp\/v2\/media\/238477"}],"wp:attachment":[{"href":"https:\/\/zjarr.tv\/en\/wp-json\/wp\/v2\/media?parent=238476"}],"wp:term":[{"taxonomy":"category","embeddable":true,"href":"https:\/\/zjarr.tv\/en\/wp-json\/wp\/v2\/categories?post=238476"},{"taxonomy":"post_tag","embeddable":true,"href":"https:\/\/zjarr.tv\/en\/wp-json\/wp\/v2\/tags?post=238476"}],"curies":[{"name":"wp","href":"https:\/\/api.w.org\/{rel}","templated":true}]}}