{"id":238484,"date":"2022-02-21T17:42:28","date_gmt":"2022-02-21T16:42:28","guid":{"rendered":"https:\/\/zjarr.tv\/?p=238484"},"modified":"2022-02-21T17:42:28","modified_gmt":"2022-02-21T16:42:28","slug":"padia-ne-kushtetuese-per-kuvendin-klotilda-bushka-i-pergjigjet-pd-se-ja-si-perzgjodhen-kandidaturat-per-anetaret-e-klp-dhe-klgj","status":"publish","type":"post","link":"https:\/\/zjarr.tv\/en\/padia-ne-kushtetuese-per-kuvendin-klotilda-bushka-i-pergjigjet-pd-se-ja-si-perzgjodhen-kandidaturat-per-anetaret-e-klp-dhe-klgj\/","title":{"rendered":"Padia n\u00eb \u201cKushtetuese\u201d p\u00ebr Kuvendin, Klotilda Bushka i p\u00ebrgjigjet PD-s\u00eb: Ja si p\u00ebrzgjodh\u00ebn kandidaturat p\u00ebr an\u00ebtar\u00ebt e KLP dhe KLGJ"},"content":{"rendered":"<p>Partia Demokratike paditi sot Kuvendin e Shqip\u00ebris\u00eb n\u00eb Gjykat\u00ebn Kushtetuese, pasi e akuzon p\u00ebr paracaktim t\u00eb an\u00ebtar\u00ebve t\u00eb K\u00ebshillit t\u00eb Lart\u00eb t\u00eb Prokuroris\u00eb.<\/p>\n<p>Deputetja socialiste Klotilda Bushka, i \u00ebsht\u00eb p\u00ebrgjigjur PD-s\u00eb, duke u shprehur se an\u00ebtar\u00ebt e KLP-s\u00eb dhe KLGJ-s\u00eb jan\u00eb zgjedhur me short dhe sipas procedurave n\u00eb p\u00ebrputhje me ligjin.<\/p>\n<p>\u201cLigji nuk ka num\u00ebr minimum t\u00eb kandidat\u00ebve, n\u00eb kandidaturat e p\u00ebrcjella dy prej kandidat\u00ebve kan\u00eb shprehur interes. Nuk kemi pasur dakord\u00ebsi p\u00ebr zgjedhje ne kandidatit dhe p\u00ebr k\u00ebt\u00eb arsye hidhet shorti. Shorti i tret\u00eb n\u00ebse nuk merr shumic\u00ebn e cil\u00ebsuar n\u00eb seanc\u00ebn plenare, sot \u00ebsht\u00eb hedhur shorti i tret\u00eb p\u00ebr plot\u00ebsimin e vakancave, k\u00ebshilli i lart\u00eb gjyq\u00ebsor jan\u00eb t\u00eb nj\u00ebjt\u00eb me k\u00ebshillin e lart\u00eb t\u00eb prokuroris\u00eb. Yllka dhe Ilir Rusi. <\/p>\n<p>Lista p\u00ebr KLGJ me dy an\u00ebtar\u00eb. Kjo i ka sh\u00ebrbyer nj\u00eb procesi , ju kujtoj t\u00eb gjith\u00ebve q\u00eb reforma n\u00eb drejt\u00ebsi \u00ebsht\u00eb sfid\u00eb p\u00ebr t\u00eb gjith\u00eb, duhet t\u00eb kemi kujdes dhe duhet t\u00eb kemi dakord\u00ebsi p\u00ebr kandidat\u00ebt m\u00eb t\u00eb mir\u00eb q\u00eb plot\u00ebsojn\u00eb kriteret ligjore. Duhet t\u00eb b\u00ebjn\u00eb kujdes me deklaratat q\u00eb b\u00ebjm\u00eb , ku kuvend zbaton ligjin\u201d, u shpreh Bushka.<\/p>","protected":false},"excerpt":{"rendered":"<p>Partia Demokratike paditi sot Kuvendin e Shqip\u00ebris\u00eb n\u00eb Gjykat\u00ebn Kushtetuese, pasi e akuzon p\u00ebr paracaktim t\u00eb an\u00ebtar\u00ebve t\u00eb K\u00ebshillit t\u00eb Lart\u00eb t\u00eb Prokuroris\u00eb. Deputetja socialiste Klotilda Bushka, i \u00ebsht\u00eb p\u00ebrgjigjur PD-s\u00eb, duke u shprehur se an\u00ebtar\u00ebt e KLP-s\u00eb dhe KLGJ-s\u00eb jan\u00eb zgjedhur me short dhe sipas procedurave n\u00eb p\u00ebrputhje me ligjin. \u201cLigji nuk ka num\u00ebr [&hellip;]<\/p>\n","protected":false},"author":2031,"featured_media":238485,"comment_status":"closed","ping_status":"closed","sticky":false,"template":"","format":"standard","meta":{"footnotes":""},"categories":[231],"tags":[],"class_list":{"0":"post-238484","1":"post","2":"type-post","3":"status-publish","4":"format-standard","5":"has-post-thumbnail","7":"category-lajme"},"_links":{"self":[{"href":"https:\/\/zjarr.tv\/en\/wp-json\/wp\/v2\/posts\/238484","targetHints":{"allow":["GET"]}}],"collection":[{"href":"https:\/\/zjarr.tv\/en\/wp-json\/wp\/v2\/posts"}],"about":[{"href":"https:\/\/zjarr.tv\/en\/wp-json\/wp\/v2\/types\/post"}],"author":[{"embeddable":true,"href":"https:\/\/zjarr.tv\/en\/wp-json\/wp\/v2\/users\/2031"}],"replies":[{"embeddable":true,"href":"https:\/\/zjarr.tv\/en\/wp-json\/wp\/v2\/comments?post=238484"}],"version-history":[{"count":0,"href":"https:\/\/zjarr.tv\/en\/wp-json\/wp\/v2\/posts\/238484\/revisions"}],"wp:featuredmedia":[{"embeddable":true,"href":"https:\/\/zjarr.tv\/en\/wp-json\/wp\/v2\/media\/238485"}],"wp:attachment":[{"href":"https:\/\/zjarr.tv\/en\/wp-json\/wp\/v2\/media?parent=238484"}],"wp:term":[{"taxonomy":"category","embeddable":true,"href":"https:\/\/zjarr.tv\/en\/wp-json\/wp\/v2\/categories?post=238484"},{"taxonomy":"post_tag","embeddable":true,"href":"https:\/\/zjarr.tv\/en\/wp-json\/wp\/v2\/tags?post=238484"}],"curies":[{"name":"wp","href":"https:\/\/api.w.org\/{rel}","templated":true}]}}