{"id":238494,"date":"2022-02-21T18:13:36","date_gmt":"2022-02-21T17:13:36","guid":{"rendered":"https:\/\/zjarr.tv\/?p=238494"},"modified":"2022-02-21T18:13:36","modified_gmt":"2022-02-21T17:13:36","slug":"sali-berisha-per-ambasadoren-kim-deklarata-e-saj-e-shkruar-nga-rama-guvernatorja-po-ben-sekretaren-e-ps-se-ajo-perfaqeson-mafien-e-george-soros","status":"publish","type":"post","link":"https:\/\/zjarr.tv\/en\/sali-berisha-per-ambasadoren-kim-deklarata-e-saj-e-shkruar-nga-rama-guvernatorja-po-ben-sekretaren-e-ps-se-ajo-perfaqeson-mafien-e-george-soros\/","title":{"rendered":"Sali Berisha p\u00ebr ambasadoren Kim: Deklarata e saj e shkruar nga Rama! \u201cGuvernatorja\u201d po b\u00ebn Sekretaren e PS-s\u00eb, ajo p\u00ebrfaq\u00ebson mafien e George Soros"},"content":{"rendered":"<p>Ish-kryeministri Sali Berisha ka sulmuar ambasadoren amerikane Yuri Kim, pas deklarat\u00ebs s\u00eb k\u00ebsaj t\u00eb fundit dit\u00ebn e sotme, e cila pyeste kandidat\u00ebt e \u201cSht\u00ebpis\u00eb s\u00eb Liris\u00eb\u201d se \u00e7far\u00eb do iu thon\u00eb qytetar\u00ebve kur \u201csponsori\u201d i tyre \u00ebsht\u00eb nj\u00eb person non-grata.<\/p>\n<p>Berisha u shpreh gjat\u00eb nj\u00eb takimi me demokrat\u00ebt n\u00eb Durr\u00ebs se ajo deklarat\u00eb e ambasadores ishte e shkruar nga kryeministri Rama, teksa shtoi se Yuri Kim po sillet si Sekretare ideologjike e Partis\u00eb Socialiste. Sipas tij, ambasadorja amerikane p\u00ebrfaq\u00ebson mafian e George Soros.<\/p>\n<p>\u201cEdhe deklarata sot e Guvernatores shprehte tronditjen, nuk i dalin dot hesapet. Mund t\u00eb b\u00ebj\u00eb shum\u00eb komente, por mund t\u2019ju them vet\u00ebm nj\u00eb mesazh q\u00eb m\u00eb d\u00ebrgonte nj\u00eb miku im gjuh\u00ebtar. \u201cSali, un\u00eb e lexova at\u00eb deklarat\u00eb.<\/p>\n<p>Ajo \u00ebsht\u00eb p\u00ebrkthim nga shqipja n\u00eb anglisht, dhe n\u00eb shqiop \u00ebsht\u00eb stili i Edi Ram\u00ebs\u201d. \u00cbsht\u00eb ajo q\u00eb ju kam th\u00ebn\u00eb me koh\u00eb, ajo b\u00ebn Sekeretaren ideologjike t\u00eb Partis\u00eb Socialiste. N\u00eb fakt, e gjith\u00eb kjo p\u00ebrpjekje \u00ebhst\u00eb e pashpres\u00eb. Si Guvernatore i lejon vetes t\u00eb nd\u00ebrhyj\u00eb n\u00eb procese t\u00eb brendshme elektorale, dhe k\u00ebtu ajo p\u00ebrfaq\u00ebson mafien e George Soros, shkelmon mbi ligjet dhe parimet e vendit t\u00eb saj dhe Shqip\u00ebris\u00eb. Nj\u00eb nga q\u00ebllimet e mafies sorosiane \u00ebsht\u00eb t\u00eb prish\u00eb imazhin e SHBA-ve te shqiptar\u00ebt. K\u00ebt\u00eb kurr\u00eb nuk do ta realizoj\u00eb\u201d, tha Berisha.<\/p>","protected":false},"excerpt":{"rendered":"<p>Ish-kryeministri Sali Berisha ka sulmuar ambasadoren amerikane Yuri Kim, pas deklarat\u00ebs s\u00eb k\u00ebsaj t\u00eb fundit dit\u00ebn e sotme, e cila pyeste kandidat\u00ebt e \u201cSht\u00ebpis\u00eb s\u00eb Liris\u00eb\u201d se \u00e7far\u00eb do iu thon\u00eb qytetar\u00ebve kur \u201csponsori\u201d i tyre \u00ebsht\u00eb nj\u00eb person non-grata. Berisha u shpreh gjat\u00eb nj\u00eb takimi me demokrat\u00ebt n\u00eb Durr\u00ebs se ajo deklarat\u00eb e ambasadores [&hellip;]<\/p>\n","protected":false},"author":2031,"featured_media":238495,"comment_status":"closed","ping_status":"closed","sticky":false,"template":"","format":"standard","meta":{"footnotes":""},"categories":[231],"tags":[],"class_list":{"0":"post-238494","1":"post","2":"type-post","3":"status-publish","4":"format-standard","5":"has-post-thumbnail","7":"category-lajme"},"_links":{"self":[{"href":"https:\/\/zjarr.tv\/en\/wp-json\/wp\/v2\/posts\/238494","targetHints":{"allow":["GET"]}}],"collection":[{"href":"https:\/\/zjarr.tv\/en\/wp-json\/wp\/v2\/posts"}],"about":[{"href":"https:\/\/zjarr.tv\/en\/wp-json\/wp\/v2\/types\/post"}],"author":[{"embeddable":true,"href":"https:\/\/zjarr.tv\/en\/wp-json\/wp\/v2\/users\/2031"}],"replies":[{"embeddable":true,"href":"https:\/\/zjarr.tv\/en\/wp-json\/wp\/v2\/comments?post=238494"}],"version-history":[{"count":0,"href":"https:\/\/zjarr.tv\/en\/wp-json\/wp\/v2\/posts\/238494\/revisions"}],"wp:featuredmedia":[{"embeddable":true,"href":"https:\/\/zjarr.tv\/en\/wp-json\/wp\/v2\/media\/238495"}],"wp:attachment":[{"href":"https:\/\/zjarr.tv\/en\/wp-json\/wp\/v2\/media?parent=238494"}],"wp:term":[{"taxonomy":"category","embeddable":true,"href":"https:\/\/zjarr.tv\/en\/wp-json\/wp\/v2\/categories?post=238494"},{"taxonomy":"post_tag","embeddable":true,"href":"https:\/\/zjarr.tv\/en\/wp-json\/wp\/v2\/tags?post=238494"}],"curies":[{"name":"wp","href":"https:\/\/api.w.org\/{rel}","templated":true}]}}