{"id":238501,"date":"2022-02-21T18:35:16","date_gmt":"2022-02-21T17:35:16","guid":{"rendered":"https:\/\/zjarr.tv\/?p=238501"},"modified":"2022-02-21T18:35:16","modified_gmt":"2022-02-21T17:35:16","slug":"i-ke-takuar-klodian-zoton-dhe-mirel-mertirin-pergjigjet-belinda-balluku-nuk-i-kam-takuar-ndonjehere-as-ne-foto-nuk-i-kam-pare","status":"publish","type":"post","link":"https:\/\/zjarr.tv\/en\/i-ke-takuar-klodian-zoton-dhe-mirel-mertirin-pergjigjet-belinda-balluku-nuk-i-kam-takuar-ndonjehere-as-ne-foto-nuk-i-kam-pare\/","title":{"rendered":"I ke takuar Klodian Zoton dhe Mirel M\u00ebrtirin? P\u00ebrgjigjet Belinda Balluku: Nuk i kam takuar ndonj\u00ebher\u00eb, as n\u00eb foto nuk i kam par\u00eb"},"content":{"rendered":"<p>Ministrja e Infrastruktur\u00ebs dhe Energjis\u00eb, Belinda Balluku, \u00ebsht\u00eb pyetur n\u00eb Komisionin Hetimor p\u00ebr incenerator\u00ebt n\u00ebse i njeh Klodian Zoton dhe Mirel M\u00ebrtirin, t\u00eb dy t\u00eb shpallur n\u00eb k\u00ebrkim nga SPAK.<\/p>\n<p>Ajo u shpreh se jo vet\u00ebm q\u00eb nuk i ka takuar ndonj\u00ebher\u00eb, por nuk i ka par\u00eb as n\u00eb foto. \u201cJo vet\u00ebm q\u00eb nuk kam marr\u00ebdh\u00ebnie dhe nuk i kam takuar s\u00eb fundmi, por nuk i kam njohur ndonj\u00ebher\u00eb dhe nuk i kam par\u00eb as n\u00eb foto\u201d, tha Balluku.<\/p>\n<p>M\u00eb her\u00ebt Balluku ironizoi edhe me shum\u00ebn prej \u201c430 milion euro afer\u00eb\u201d q\u00eb p\u00ebrdoret nga opozita, duke th\u00ebn\u00eb se i ka par\u00eb kontratat q\u00eb ka gjetur pasi mori detyr\u00ebn, dhe nuk i rezulton nj\u00eb shif\u00ebr e till\u00eb.<\/p>","protected":false},"excerpt":{"rendered":"<p>Ministrja e Infrastruktur\u00ebs dhe Energjis\u00eb, Belinda Balluku, \u00ebsht\u00eb pyetur n\u00eb Komisionin Hetimor p\u00ebr incenerator\u00ebt n\u00ebse i njeh Klodian Zoton dhe Mirel M\u00ebrtirin, t\u00eb dy t\u00eb shpallur n\u00eb k\u00ebrkim nga SPAK. Ajo u shpreh se jo vet\u00ebm q\u00eb nuk i ka takuar ndonj\u00ebher\u00eb, por nuk i ka par\u00eb as n\u00eb foto. \u201cJo vet\u00ebm q\u00eb nuk kam [&hellip;]<\/p>\n","protected":false},"author":2031,"featured_media":238502,"comment_status":"closed","ping_status":"closed","sticky":false,"template":"","format":"standard","meta":{"footnotes":""},"categories":[231],"tags":[],"class_list":{"0":"post-238501","1":"post","2":"type-post","3":"status-publish","4":"format-standard","5":"has-post-thumbnail","7":"category-lajme"},"_links":{"self":[{"href":"https:\/\/zjarr.tv\/en\/wp-json\/wp\/v2\/posts\/238501","targetHints":{"allow":["GET"]}}],"collection":[{"href":"https:\/\/zjarr.tv\/en\/wp-json\/wp\/v2\/posts"}],"about":[{"href":"https:\/\/zjarr.tv\/en\/wp-json\/wp\/v2\/types\/post"}],"author":[{"embeddable":true,"href":"https:\/\/zjarr.tv\/en\/wp-json\/wp\/v2\/users\/2031"}],"replies":[{"embeddable":true,"href":"https:\/\/zjarr.tv\/en\/wp-json\/wp\/v2\/comments?post=238501"}],"version-history":[{"count":0,"href":"https:\/\/zjarr.tv\/en\/wp-json\/wp\/v2\/posts\/238501\/revisions"}],"wp:featuredmedia":[{"embeddable":true,"href":"https:\/\/zjarr.tv\/en\/wp-json\/wp\/v2\/media\/238502"}],"wp:attachment":[{"href":"https:\/\/zjarr.tv\/en\/wp-json\/wp\/v2\/media?parent=238501"}],"wp:term":[{"taxonomy":"category","embeddable":true,"href":"https:\/\/zjarr.tv\/en\/wp-json\/wp\/v2\/categories?post=238501"},{"taxonomy":"post_tag","embeddable":true,"href":"https:\/\/zjarr.tv\/en\/wp-json\/wp\/v2\/tags?post=238501"}],"curies":[{"name":"wp","href":"https:\/\/api.w.org\/{rel}","templated":true}]}}