{"id":238504,"date":"2022-02-21T18:43:37","date_gmt":"2022-02-21T17:43:37","guid":{"rendered":"https:\/\/zjarr.tv\/?p=238504"},"modified":"2022-02-21T18:43:37","modified_gmt":"2022-02-21T17:43:37","slug":"vucic-bisede-telefonike-me-macron-folem-per-ceshtjet-e-ndezura-ne-ballkanin-perendimor","status":"publish","type":"post","link":"https:\/\/zjarr.tv\/en\/vucic-bisede-telefonike-me-macron-folem-per-ceshtjet-e-ndezura-ne-ballkanin-perendimor\/","title":{"rendered":"Vu\u00e7i\u00e7 bised\u00eb telefonike me Macron: Fol\u00ebm p\u00ebr \u00e7\u00ebshtjet \u201ce ndezura\u201d n\u00eb Ballkanin Per\u00ebndimor"},"content":{"rendered":"<p>Presidenti serb Aleksand\u00ebr Vu\u00e7i\u00e7 ka zhvilluar nj\u00eb bised\u00eb telefonike me presidentin francez Emanuel Macron.<\/p>\n<p>P\u00ebmes nj\u00eb postimi n\u00eb rrjetet sociale, Vu\u00e7i\u00e7 tregon detaje nga biseda, duke theksuar se biseda u fokusua n\u00eb \u00e7\u00ebshtjet \u201ce ndezura\u201d n\u00eb Ballkanin Per\u00ebndimor.<\/p>\n<p>\u201cSapo kam mbaruar bised\u00ebn me presidentin francez Emanuel Macron, t\u00eb cilin e fal\u00ebnderova p\u00ebr rolin e tij t\u00eb drejt\u00eb n\u00eb Franc\u00eb dhe marr\u00ebdh\u00ebniet e tij personale me Serbin\u00eb dhe qytetar\u00ebt e saj. Biseda ishte thelb\u00ebsore dhe shum\u00eb specifike p\u00ebr t\u00eb gjitha \u00e7\u00ebshtjet e ndezura n\u00eb Ballkanin Per\u00ebndimor, p\u00ebrve\u00e7 k\u00ebsaj.<\/p>\n<p>Serbia nuk \u00ebsht\u00eb n\u00eb nj\u00eb pozit\u00eb t\u00eb leht\u00eb, pa asnj\u00eb faj, por jam i bindur se do t\u00eb mund t\u00eb gjej\u00eb rrug\u00ebn dhe zgjidhjen m\u00eb t\u00eb mir\u00eb p\u00ebr ruajtjen e paqes dhe prosperitetit p\u00ebr t\u00eb gjith\u00eb qytetar\u00ebt e saj, le t\u00eb bashkohemi, p\u00ebr t\u2019i ofruar siguri dhe t\u00eb ardhme f\u00ebmij\u00ebt tan\u00eb\u201d, shkruan Vu\u00e7i\u00e7 n\u00eb nj\u00eb postim n\u00eb Instagram.  <\/p>","protected":false},"excerpt":{"rendered":"<p>Presidenti serb Aleksand\u00ebr Vu\u00e7i\u00e7 ka zhvilluar nj\u00eb bised\u00eb telefonike me presidentin francez Emanuel Macron. P\u00ebmes nj\u00eb postimi n\u00eb rrjetet sociale, Vu\u00e7i\u00e7 tregon detaje nga biseda, duke theksuar se biseda u fokusua n\u00eb \u00e7\u00ebshtjet \u201ce ndezura\u201d n\u00eb Ballkanin Per\u00ebndimor. \u201cSapo kam mbaruar bised\u00ebn me presidentin francez Emanuel Macron, t\u00eb cilin e fal\u00ebnderova p\u00ebr rolin e tij [&hellip;]<\/p>\n","protected":false},"author":2031,"featured_media":238505,"comment_status":"closed","ping_status":"closed","sticky":false,"template":"","format":"standard","meta":{"footnotes":""},"categories":[231],"tags":[],"class_list":{"0":"post-238504","1":"post","2":"type-post","3":"status-publish","4":"format-standard","5":"has-post-thumbnail","7":"category-lajme"},"_links":{"self":[{"href":"https:\/\/zjarr.tv\/en\/wp-json\/wp\/v2\/posts\/238504","targetHints":{"allow":["GET"]}}],"collection":[{"href":"https:\/\/zjarr.tv\/en\/wp-json\/wp\/v2\/posts"}],"about":[{"href":"https:\/\/zjarr.tv\/en\/wp-json\/wp\/v2\/types\/post"}],"author":[{"embeddable":true,"href":"https:\/\/zjarr.tv\/en\/wp-json\/wp\/v2\/users\/2031"}],"replies":[{"embeddable":true,"href":"https:\/\/zjarr.tv\/en\/wp-json\/wp\/v2\/comments?post=238504"}],"version-history":[{"count":0,"href":"https:\/\/zjarr.tv\/en\/wp-json\/wp\/v2\/posts\/238504\/revisions"}],"wp:featuredmedia":[{"embeddable":true,"href":"https:\/\/zjarr.tv\/en\/wp-json\/wp\/v2\/media\/238505"}],"wp:attachment":[{"href":"https:\/\/zjarr.tv\/en\/wp-json\/wp\/v2\/media?parent=238504"}],"wp:term":[{"taxonomy":"category","embeddable":true,"href":"https:\/\/zjarr.tv\/en\/wp-json\/wp\/v2\/categories?post=238504"},{"taxonomy":"post_tag","embeddable":true,"href":"https:\/\/zjarr.tv\/en\/wp-json\/wp\/v2\/tags?post=238504"}],"curies":[{"name":"wp","href":"https:\/\/api.w.org\/{rel}","templated":true}]}}