{"id":238548,"date":"2022-02-21T22:26:02","date_gmt":"2022-02-21T21:26:02","guid":{"rendered":"https:\/\/zjarr.tv\/?p=238548"},"modified":"2022-02-21T22:26:02","modified_gmt":"2022-02-21T21:26:02","slug":"jam-zot-i-fatit-tim-spahia-i-pergjigjet-ambasadores-yuri-kim-nderhyri-ne-fushate","status":"publish","type":"post","link":"https:\/\/zjarr.tv\/en\/jam-zot-i-fatit-tim-spahia-i-pergjigjet-ambasadores-yuri-kim-nderhyri-ne-fushate\/","title":{"rendered":"\u201cJam Zot i fatit tim\u201d\/ Spahia i p\u00ebrgjigjet ambasadores Yuri Kim: Nd\u00ebrhyri n\u00eb fushat\u00eb!"},"content":{"rendered":"<p>Bardh Spahia, kandidat p\u00ebr kryetar i Bashkis\u00eb s\u00eb Shkodr\u00ebs, i \u00ebsht\u00eb p\u00ebrgjigjur ambasadores Yuri Kim, pas deklaratave t\u00eb saj, ndaj kandidat\u00ebve t\u00eb sponsorizuar nga persona non-grata, n\u00eb k\u00ebt\u00eb rast Sali Berish\u00ebs.<\/p>\n<p>Pjes\u00eb nga biseda: <\/p>\n<p>Bardh Spahia: Un\u00eb n\u00eb fakt, mb\u00ebshtetjen dhe detyrimin si kandidat e kam ndaj mbi 1 mij\u00eb an\u00ebtar\u00ebve t\u00eb PD q\u00eb m\u00eb kan\u00eb votuar p\u00ebr t\u00eb qen\u00eb p\u00ebrfaq\u00ebsues i tyre. Mb\u00ebshtetjen dhe detyrimin do ta kem ndaj \u00e7do qytetari shkodran. Problemi \u00ebsht\u00eb sponsorizimi dhe mb\u00ebshtetja q\u00eb i ofrohet qeveris\u00eb m\u00eb t\u00eb korruptuar dhe kriminale.<\/p>\n<p>Ylli Rakipi: \u00c7far\u00eb do t\u2019i thoshit ambasadores?<\/p>\n<p>Bardh Spahia: Un\u00eb i premtoj votuesve t\u00eb jem pran\u00eb problematikave dhe halleve t\u00eb tyre t\u00eb panum\u00ebrta. Shumica q\u00eb kan\u00eb lidhje direkte me qeverin\u00eb e Edi Ram\u00ebs, q\u00eb po u merr frym\u00ebn.<\/p>\n<p>Ylli Rakipi: Ambasadorja thot\u00eb, kush do t\u2019ju zot\u00ebroj dhe \u00e7far\u00eb do t\u2019ju detyroheni atyre?<\/p>\n<p>Bardh Spahia: M\u00eb vjen t\u2019i p\u00ebrgjigjem me nj\u00eb poezi t\u00eb famshme. \u201cI am the master of my faith, I am the captain of my soul\u201d (Jam Zoti i fatit tim, kapiten i shpirtit tim). Askush p\u00ebrve\u00e7 shpirtit dhe mendjes time, q\u00eb m\u00eb kan\u00eb orientuar tek ato zgjedhje q\u00eb kam gjykuar si m\u00eb t\u00eb drejta p\u00ebr vendin tim.<\/p>\n<p>Ylli Rakipi: Cfar\u00eb duhet t\u00eb presin shqiptar\u00ebt dhe SHBA-t\u00eb, pyet ambasadorja?<\/p>\n<p>Bardh Spahia: Un\u00eb kam detyrimin si p\u00ebrfaq\u00ebsues i atyre an\u00ebtar\u00ebve, q\u00eb m\u00eb kan\u00eb zgjedhur me shumic\u00eb absolute, t\u2019i p\u00ebrfaq\u00ebsoj denj\u00ebsisht.<\/p>\n<p>Ylli Rakipi: A \u00ebsht\u00eb deklarata e Kim nj\u00eb nd\u00ebrhyrje dhe a ndiheni ju n\u00eb disavantazh pas saj?<\/p>\n<p>Bardh Spahia: Mendoj se, sidomos pas fillimit zyrtar t\u00eb nj\u00eb procesi zgjedhor duhet t\u00eb jemi m\u00eb t\u00eb matur dhe t\u00eb kujdessh\u00ebm, aq m\u00eb tep\u00ebr trupi diplomatik, q\u00eb sic e kan\u00eb cil\u00ebsuar p\u00ebrfaq\u00ebsuesit e Rithemelimit, kan\u00eb disa detyrime ndaj ligjeve t\u00eb vendit. Mendoj se \u00ebsht\u00eb nj\u00eb nd\u00ebrhyrje.<\/p>","protected":false},"excerpt":{"rendered":"<p>Bardh Spahia, kandidat p\u00ebr kryetar i Bashkis\u00eb s\u00eb Shkodr\u00ebs, i \u00ebsht\u00eb p\u00ebrgjigjur ambasadores Yuri Kim, pas deklaratave t\u00eb saj, ndaj kandidat\u00ebve t\u00eb sponsorizuar nga persona non-grata, n\u00eb k\u00ebt\u00eb rast Sali Berish\u00ebs. Pjes\u00eb nga biseda: Bardh Spahia: Un\u00eb n\u00eb fakt, mb\u00ebshtetjen dhe detyrimin si kandidat e kam ndaj mbi 1 mij\u00eb an\u00ebtar\u00ebve t\u00eb PD q\u00eb m\u00eb [&hellip;]<\/p>\n","protected":false},"author":2031,"featured_media":238549,"comment_status":"closed","ping_status":"closed","sticky":false,"template":"","format":"standard","meta":{"footnotes":""},"categories":[231],"tags":[],"class_list":{"0":"post-238548","1":"post","2":"type-post","3":"status-publish","4":"format-standard","5":"has-post-thumbnail","7":"category-lajme"},"_links":{"self":[{"href":"https:\/\/zjarr.tv\/en\/wp-json\/wp\/v2\/posts\/238548","targetHints":{"allow":["GET"]}}],"collection":[{"href":"https:\/\/zjarr.tv\/en\/wp-json\/wp\/v2\/posts"}],"about":[{"href":"https:\/\/zjarr.tv\/en\/wp-json\/wp\/v2\/types\/post"}],"author":[{"embeddable":true,"href":"https:\/\/zjarr.tv\/en\/wp-json\/wp\/v2\/users\/2031"}],"replies":[{"embeddable":true,"href":"https:\/\/zjarr.tv\/en\/wp-json\/wp\/v2\/comments?post=238548"}],"version-history":[{"count":0,"href":"https:\/\/zjarr.tv\/en\/wp-json\/wp\/v2\/posts\/238548\/revisions"}],"wp:featuredmedia":[{"embeddable":true,"href":"https:\/\/zjarr.tv\/en\/wp-json\/wp\/v2\/media\/238549"}],"wp:attachment":[{"href":"https:\/\/zjarr.tv\/en\/wp-json\/wp\/v2\/media?parent=238548"}],"wp:term":[{"taxonomy":"category","embeddable":true,"href":"https:\/\/zjarr.tv\/en\/wp-json\/wp\/v2\/categories?post=238548"},{"taxonomy":"post_tag","embeddable":true,"href":"https:\/\/zjarr.tv\/en\/wp-json\/wp\/v2\/tags?post=238548"}],"curies":[{"name":"wp","href":"https:\/\/api.w.org\/{rel}","templated":true}]}}