{"id":238557,"date":"2022-02-21T22:46:32","date_gmt":"2022-02-21T21:46:32","guid":{"rendered":"https:\/\/zjarr.tv\/?p=238557"},"modified":"2022-02-21T22:46:32","modified_gmt":"2022-02-21T21:46:32","slug":"armando-subashi-ne-komisionin-hetimor-falenderoj-publikisht-qeverine-investimi-per-inceneratorin-e-fierit-mbylli-fusha-plehrash-50-vjecare","status":"publish","type":"post","link":"https:\/\/zjarr.tv\/en\/armando-subashi-ne-komisionin-hetimor-falenderoj-publikisht-qeverine-investimi-per-inceneratorin-e-fierit-mbylli-fusha-plehrash-50-vjecare\/","title":{"rendered":"Armando Subashi n\u00eb Komisionin Hetimor: Falenderoj publikisht qeverin\u00eb, investimi p\u00ebr inceneratorin e Fierit mbylli fusha plehrash 50 vje\u00e7are"},"content":{"rendered":"<p>Kryebashkiaku i Fierit, Armando Subashi, teksa d\u00ebshmonte n\u00eb Komisionin Hetimor p\u00ebr Incenerator\u00ebt, ka falenderuar publikisht qeverin\u00eb p\u00ebr investimin n\u00eb inceneratorin e Fierit.<\/p>\n<p>Ai u sdhp[reh se fal\u00eb k\u00ebtij investimi jan\u00eb mbyllur p\u00ebrfundimisht fusha plehrash 50 vje\u00e7are, teksa shtoi se brenda paj jav\u00ebsh do t\u00eb mbyllen edhe fushate  plehrave n\u00eb Divjak\u00eb dhe Mallakast\u00ebr.<\/p>\n<p>\u201cFalenderoj publikusht qeverin\u00eb q\u00eb n\u00eb baz\u00eb t\u00eb k\u00ebrkes\u00ebs ton\u00eb, qarku i Fierit t\u00eb ishte i dyti, i cili vendosi qeveria p\u00ebr t\u00eb nd\u00ebrtuar k\u00ebt\u00eb impiant t\u00eb trajtimit t\u00eb mbetjeve. Si rezultat i k\u00ebtij investimi q\u00eb \u00ebsht\u00eb b\u00ebr\u00eb aty nga qeveria, sot jan\u00eb mbyllur p\u00ebrfundimisht fusha plehrash 50 vje\u00e7are. Brenda pak jav\u00ebsh shpresojm\u00eb t\u00eb mbyllet edhe Divjaka dhe Mallakastra\u201d, tha subashi.<\/p>","protected":false},"excerpt":{"rendered":"<p>Kryebashkiaku i Fierit, Armando Subashi, teksa d\u00ebshmonte n\u00eb Komisionin Hetimor p\u00ebr Incenerator\u00ebt, ka falenderuar publikisht qeverin\u00eb p\u00ebr investimin n\u00eb inceneratorin e Fierit. Ai u sdhp[reh se fal\u00eb k\u00ebtij investimi jan\u00eb mbyllur p\u00ebrfundimisht fusha plehrash 50 vje\u00e7are, teksa shtoi se brenda paj jav\u00ebsh do t\u00eb mbyllen edhe fushate plehrave n\u00eb Divjak\u00eb dhe Mallakast\u00ebr. \u201cFalenderoj publikusht qeverin\u00eb [&hellip;]<\/p>\n","protected":false},"author":2031,"featured_media":238558,"comment_status":"closed","ping_status":"closed","sticky":false,"template":"","format":"standard","meta":{"footnotes":""},"categories":[231],"tags":[],"class_list":{"0":"post-238557","1":"post","2":"type-post","3":"status-publish","4":"format-standard","5":"has-post-thumbnail","7":"category-lajme"},"_links":{"self":[{"href":"https:\/\/zjarr.tv\/en\/wp-json\/wp\/v2\/posts\/238557","targetHints":{"allow":["GET"]}}],"collection":[{"href":"https:\/\/zjarr.tv\/en\/wp-json\/wp\/v2\/posts"}],"about":[{"href":"https:\/\/zjarr.tv\/en\/wp-json\/wp\/v2\/types\/post"}],"author":[{"embeddable":true,"href":"https:\/\/zjarr.tv\/en\/wp-json\/wp\/v2\/users\/2031"}],"replies":[{"embeddable":true,"href":"https:\/\/zjarr.tv\/en\/wp-json\/wp\/v2\/comments?post=238557"}],"version-history":[{"count":0,"href":"https:\/\/zjarr.tv\/en\/wp-json\/wp\/v2\/posts\/238557\/revisions"}],"wp:featuredmedia":[{"embeddable":true,"href":"https:\/\/zjarr.tv\/en\/wp-json\/wp\/v2\/media\/238558"}],"wp:attachment":[{"href":"https:\/\/zjarr.tv\/en\/wp-json\/wp\/v2\/media?parent=238557"}],"wp:term":[{"taxonomy":"category","embeddable":true,"href":"https:\/\/zjarr.tv\/en\/wp-json\/wp\/v2\/categories?post=238557"},{"taxonomy":"post_tag","embeddable":true,"href":"https:\/\/zjarr.tv\/en\/wp-json\/wp\/v2\/tags?post=238557"}],"curies":[{"name":"wp","href":"https:\/\/api.w.org\/{rel}","templated":true}]}}