{"id":238560,"date":"2022-02-21T22:48:45","date_gmt":"2022-02-21T21:48:45","guid":{"rendered":"https:\/\/zjarr.tv\/?p=238560"},"modified":"2022-02-21T22:49:57","modified_gmt":"2022-02-21T21:49:57","slug":"keni-kontaktuar-me-klodian-zoton-arben-ahmetaj-nuk-e-kam-as-gjak-dhe-as-lidhje-familjare-une-njoh-95-te-biznesit-shqiptar-mos-dilni-nga-objekti-i-hetimit","status":"publish","type":"post","link":"https:\/\/zjarr.tv\/en\/keni-kontaktuar-me-klodian-zoton-arben-ahmetaj-nuk-e-kam-as-gjak-dhe-as-lidhje-familjare-une-njoh-95-te-biznesit-shqiptar-mos-dilni-nga-objekti-i-hetimit\/","title":{"rendered":"Keni kontaktuar me Klodian Zoton? Arben Ahmetaj: Nuk e kam as gjak dhe as lidhje familjare! Un\u00eb njoh 95% t\u00eb biznesit shqiptar, mos dilni nga objekti i hetimit"},"content":{"rendered":"<p>Zv.kryeministri Arben Ahmetaj \u00ebsht\u00eb duke d\u00ebshmuar n\u00eb Komisionin Hetimor p\u00ebr Incenerator\u00ebt, ku \u00ebhst\u00eb py\u00ebtur n\u00ebse ka patur ndonj\u00eb kontakt me Klodian Zoton, i cili \u00ebsht\u00eb shpallur n\u00eb k\u00ebrkim nga SPAK.<\/p>\n<p>Ahmetaj u shpreh se nuk ka patur asnj\u00eb kontakt dhe nuk e ka Zoton as gjak dhe as ka lidhje familjare me t\u00eb. I pyetur n\u00ebse ka udh\u00ebtuar me Mirel M\u00ebrtirin, Klodian Zoton dhe Stela Gugall\u00ebn, ai tha se k\u00ebto pyetje nuk jan\u00eb objekti kryesor i k\u00ebtij hetimi, duke i k\u00ebrkuar kryetares s\u00eb Komisionit t\u00eb mos dal\u00eb nga objektivi.<\/p>\n<p>Ahmetaj theksoi se njeh 95% t\u00eb biznesit shqiptar, ndaj nuk duhet pyetur se k\u00eb njeh, por kush jan\u00eb personazhet q\u00eb ai nuk njeh.<\/p>\n<p>\u201cNuk e kam as gjak dhe as lidhje familjare dhe as lidhje krushqie , as partner biznesi , as kemi qen\u00eb ndonj\u00ebher\u00eb n\u00eb t\u00eb nj\u00ebjt\u00ebn pun\u00eb. Zoton e kam t\u00eb njohur n\u00eb distanc\u00eb\u2026Un\u00eb nuk kam as lidhje, asnj\u00eb lloj lidhje, n\u00eb respekt pranova t\u00eb p\u00ebrgjigjesha, por pyetja \u00ebsht\u00eb jasht\u00eb objektit t\u00eb Komisionit. Por objekti i Komisionit ju e dini kush \u00ebsht\u00eb\u201d, tha Ahmetaj.<\/p>\n<p>Tabaku: Kjo pyetje i \u00ebsht\u00eb b\u00ebr\u00eb t\u00eb gjith\u00eb an\u00ebtar\u00ebve q\u00eb kan\u00eb ardhur p\u00ebr t\u00eb d\u00ebshmuar n\u00eb k\u00ebt\u00eb Komision.<\/p>\n<p>Pyetje: Keni udh\u00ebtuar me M\u00ebrtirin , Zoton dhe Stela Gugallen?<\/p>\n<p>Ahmetaj: Ky nuk \u00ebsht\u00eb objekt i k\u00ebtij Komisioni, . Un\u00eb kam udh\u00ebtuar m\u00eb shum\u00eb miq. N\u00eb k\u00ebt\u00eb vend duhet t\u00eb pyetem k\u00eb nuk njoh, sepse njoh 95 % t\u00eb biznesit shqiptar\u2026<\/p>","protected":false},"excerpt":{"rendered":"<p>Zv.kryeministri Arben Ahmetaj \u00ebsht\u00eb duke d\u00ebshmuar n\u00eb Komisionin Hetimor p\u00ebr Incenerator\u00ebt, ku \u00ebhst\u00eb py\u00ebtur n\u00ebse ka patur ndonj\u00eb kontakt me Klodian Zoton, i cili \u00ebsht\u00eb shpallur n\u00eb k\u00ebrkim nga SPAK. Ahmetaj u shpreh se nuk ka patur asnj\u00eb kontakt dhe nuk e ka Zoton as gjak dhe as ka lidhje familjare me t\u00eb. I pyetur [&hellip;]<\/p>\n","protected":false},"author":2031,"featured_media":238563,"comment_status":"closed","ping_status":"closed","sticky":false,"template":"","format":"standard","meta":{"footnotes":""},"categories":[231],"tags":[],"class_list":{"0":"post-238560","1":"post","2":"type-post","3":"status-publish","4":"format-standard","5":"has-post-thumbnail","7":"category-lajme"},"_links":{"self":[{"href":"https:\/\/zjarr.tv\/en\/wp-json\/wp\/v2\/posts\/238560","targetHints":{"allow":["GET"]}}],"collection":[{"href":"https:\/\/zjarr.tv\/en\/wp-json\/wp\/v2\/posts"}],"about":[{"href":"https:\/\/zjarr.tv\/en\/wp-json\/wp\/v2\/types\/post"}],"author":[{"embeddable":true,"href":"https:\/\/zjarr.tv\/en\/wp-json\/wp\/v2\/users\/2031"}],"replies":[{"embeddable":true,"href":"https:\/\/zjarr.tv\/en\/wp-json\/wp\/v2\/comments?post=238560"}],"version-history":[{"count":0,"href":"https:\/\/zjarr.tv\/en\/wp-json\/wp\/v2\/posts\/238560\/revisions"}],"wp:featuredmedia":[{"embeddable":true,"href":"https:\/\/zjarr.tv\/en\/wp-json\/wp\/v2\/media\/238563"}],"wp:attachment":[{"href":"https:\/\/zjarr.tv\/en\/wp-json\/wp\/v2\/media?parent=238560"}],"wp:term":[{"taxonomy":"category","embeddable":true,"href":"https:\/\/zjarr.tv\/en\/wp-json\/wp\/v2\/categories?post=238560"},{"taxonomy":"post_tag","embeddable":true,"href":"https:\/\/zjarr.tv\/en\/wp-json\/wp\/v2\/tags?post=238560"}],"curies":[{"name":"wp","href":"https:\/\/api.w.org\/{rel}","templated":true}]}}