{"id":238575,"date":"2022-02-22T11:43:56","date_gmt":"2022-02-22T10:43:56","guid":{"rendered":"https:\/\/zjarr.tv\/?p=238575"},"modified":"2022-02-22T11:43:56","modified_gmt":"2022-02-22T10:43:56","slug":"perplasje-e-forte-tek-5-maji-banoret-qellojne-me-gure-efektivet-policia-pergjigjet-me-gaz-lotsjelles-nisin-shoqerimet","status":"publish","type":"post","link":"https:\/\/zjarr.tv\/en\/perplasje-e-forte-tek-5-maji-banoret-qellojne-me-gure-efektivet-policia-pergjigjet-me-gaz-lotsjelles-nisin-shoqerimet\/","title":{"rendered":"P\u00ebrplasje e fort\u00eb tek \u201c5 maji\u201d, banor\u00ebt q\u00ebllojn\u00eb me gur\u00eb efektiv\u00ebt, policia p\u00ebrgjigjet me gaz lotsjell\u00ebs, nisin shoq\u00ebrimet"},"content":{"rendered":"<p>M\u00ebngjesin e sot\u00ebm ka nisur s\u00ebrish aksioni p\u00ebr shembjen e banesave q\u00eb kan\u00eb mbetur ende n\u00eb zon\u00ebn e \u201c5 Majit\u201d.<\/p>\n<p>Gjat\u00eb k\u00ebsaj situate ka pasur edhe p\u00ebrplasje fizike mes banor\u00ebve dhe\u00a0 efektiv\u00ebve t\u00eb policis\u00eb. Madje banor\u00ebt kan\u00eb hedhur drejt efektiveve dhe gur\u00eb, nd\u00ebrsa k\u00ebta t\u00eb fundit jan\u00eb p\u00ebrgjigjur me spraj lotsjell\u00ebs.<\/p>\n<p>Policia madje ka shoq\u00ebruar edhe disa prej banor\u00ebve q\u00eb kan\u00eb kund\u00ebrshtuar me dhun\u00eb policin\u00eb e Shtetit.\u00a0 Banor\u00ebve t\u00eb \u201c5 Majit\u201d n\u00eb nj\u00ebsin\u00eb num\u00ebr 4 dhe 8 do tu shemben sot banesat.<\/p>\n<p>Nj\u00eb banor\u00ebt q\u00eb u shoq\u00ebrua dhunsh\u00ebm nga policia \u00ebsht\u00eb edhe banorja Laureta Nikolli, e cila \u00ebsht\u00eb nj\u00eb nga tre grat\u00eb q\u00eb zhvilloi takim me kryeministrin Edi Rama p\u00ebr \u00e7\u00ebshtjen e \u201c5 Majit\u201d t\u00eb enjten e kaluar.<\/p>","protected":false},"excerpt":{"rendered":"<p>M\u00ebngjesin e sot\u00ebm ka nisur s\u00ebrish aksioni p\u00ebr shembjen e banesave q\u00eb kan\u00eb mbetur ende n\u00eb zon\u00ebn e \u201c5 Majit\u201d. Gjat\u00eb k\u00ebsaj situate ka pasur edhe p\u00ebrplasje fizike mes banor\u00ebve dhe\u00a0 efektiv\u00ebve t\u00eb policis\u00eb. Madje banor\u00ebt kan\u00eb hedhur drejt efektiveve dhe gur\u00eb, nd\u00ebrsa k\u00ebta t\u00eb fundit jan\u00eb p\u00ebrgjigjur me spraj lotsjell\u00ebs. Policia madje ka shoq\u00ebruar [&hellip;]<\/p>\n","protected":false},"author":2030,"featured_media":238576,"comment_status":"closed","ping_status":"closed","sticky":false,"template":"","format":"standard","meta":{"footnotes":""},"categories":[241,5380,231],"tags":[],"class_list":{"0":"post-238575","1":"post","2":"type-post","3":"status-publish","4":"format-standard","5":"has-post-thumbnail","7":"category-aktualitet","8":"category-kryesore","9":"category-lajme"},"_links":{"self":[{"href":"https:\/\/zjarr.tv\/en\/wp-json\/wp\/v2\/posts\/238575","targetHints":{"allow":["GET"]}}],"collection":[{"href":"https:\/\/zjarr.tv\/en\/wp-json\/wp\/v2\/posts"}],"about":[{"href":"https:\/\/zjarr.tv\/en\/wp-json\/wp\/v2\/types\/post"}],"author":[{"embeddable":true,"href":"https:\/\/zjarr.tv\/en\/wp-json\/wp\/v2\/users\/2030"}],"replies":[{"embeddable":true,"href":"https:\/\/zjarr.tv\/en\/wp-json\/wp\/v2\/comments?post=238575"}],"version-history":[{"count":0,"href":"https:\/\/zjarr.tv\/en\/wp-json\/wp\/v2\/posts\/238575\/revisions"}],"wp:featuredmedia":[{"embeddable":true,"href":"https:\/\/zjarr.tv\/en\/wp-json\/wp\/v2\/media\/238576"}],"wp:attachment":[{"href":"https:\/\/zjarr.tv\/en\/wp-json\/wp\/v2\/media?parent=238575"}],"wp:term":[{"taxonomy":"category","embeddable":true,"href":"https:\/\/zjarr.tv\/en\/wp-json\/wp\/v2\/categories?post=238575"},{"taxonomy":"post_tag","embeddable":true,"href":"https:\/\/zjarr.tv\/en\/wp-json\/wp\/v2\/tags?post=238575"}],"curies":[{"name":"wp","href":"https:\/\/api.w.org\/{rel}","templated":true}]}}