{"id":238587,"date":"2022-02-22T11:53:56","date_gmt":"2022-02-22T10:53:56","guid":{"rendered":"https:\/\/zjarr.tv\/?p=238587"},"modified":"2022-02-22T11:53:56","modified_gmt":"2022-02-22T10:53:56","slug":"basha-takim-me-ministrin-e-jashtem-te-vatikanit-ne-rome-diskutuam-per-sfidat-me-te-cilat-po-perballet-shqiperia","status":"publish","type":"post","link":"https:\/\/zjarr.tv\/en\/basha-takim-me-ministrin-e-jashtem-te-vatikanit-ne-rome-diskutuam-per-sfidat-me-te-cilat-po-perballet-shqiperia\/","title":{"rendered":"Basha takim me ministrin e Jasht\u00ebm t\u00eb Vatikanit n\u00eb Rom\u00eb: Diskutuam p\u00ebr sfidat me t\u00eb cilat po p\u00ebrballet Shqip\u00ebria"},"content":{"rendered":"<p>Kreu i PD, Lulzim Basha ndodhet n\u00eb Rom\u00eb ku ka zhvilluar nj\u00eb takim me ministrin e Jasht\u00ebm t\u00eb Vatikanit, Kryeipeshkvi Paul Richard Gallagher.<\/p>\n<p>Me an\u00eb t\u00eb nj\u00eb postimi n\u00eb rrjetet sociale, Basha shkruan se kan\u00eb folur p\u00ebr p\u00ebr sfidat me t\u00eb cilat po p\u00ebrballet Shqip\u00ebria, nga situata e v\u00ebshtir\u00eb ekonomike tek korrupsioni q\u00eb jua b\u00ebn m\u00eb t\u00eb v\u00ebshtir\u00eb jet\u00ebn shqiptar\u00ebve.<\/p>\n<p>\u201cK\u00ebnaq\u00ebsi dhe privilegj t\u00eb pritesha n\u00eb Rom\u00eb n\u00eb Shtetin e Vatikanit, nga ministri i Jasht\u00ebm, Kryeipeshkvi Paul Richard Gallagher. Mir\u00ebnjohje p\u00ebr rolin dhe kontributin q\u00eb Vatikani ka luajtur n\u00eb momente vendimtare p\u00ebr shqiptar\u00ebt n\u00eb Shqip\u00ebri dhe n\u00eb Kosov\u00eb.<\/p>\n<p>Diskutuam p\u00ebr sfidat me t\u00eb cilat po p\u00ebrballet Shqip\u00ebria, nga situata e v\u00ebshtir\u00eb ekonomike tek korrupsioni q\u00eb jua b\u00ebn m\u00eb t\u00eb v\u00ebshtir\u00eb jet\u00ebn shqiptar\u00ebve. T\u00eb dh\u00ebnat e fundit tregojn\u00eb se \u00ebsht\u00eb thelluar pabarazia dhe shumica d\u00ebrrmuese e qytetar\u00ebve shqiptar\u00eb jan\u00eb zhytur n\u00eb varf\u00ebri.<\/p>\n<p>Shpreha vullnetin tim dhe t\u00eb PD p\u00ebr t\u00eb b\u00ebr\u00eb gjith\u00e7ka n\u00eb luft\u00ebn kund\u00ebr korrupsionit, nj\u00eb betej\u00eb jo e leht\u00eb, por rruga e vetme p\u00ebr t\u00eb kthyer shpres\u00ebn,\u00a0 zhvillimin dhe mir\u00ebqenien p\u00ebr qytetar\u00ebt tan\u00eb.<\/p>\n<p>Nj\u00eb vend t\u00eb r\u00ebnd\u00ebsish\u00ebm n\u00eb k\u00ebt\u00eb takim zuri dhe Kosova dhe zhvillimet n\u00eb rajon. Sot po b\u00ebhet gjithnj\u00eb dhe m\u00eb e domosdoshme p\u00ebrmbyllja e marr\u00ebveshjes me njohje reciproke, p\u00ebr ti mbyllur rrug\u00eb \u00e7do mund\u00ebsie p\u00ebr destabilizim n\u00eb rajon. P\u00ebr k\u00ebt\u00eb kam k\u00ebrkuar ndihm\u00ebn dhe mb\u00ebshtetjen e Vatikanit. Duke e falenderuar shkelq\u00ebsine e tij p\u00ebr mikpritjen, e ftova dhe shpreha urimin p\u00ebr ta mir\u00ebpritur n\u00eb nj\u00eb koh\u00eb t\u00eb p\u00ebrshtatshme n\u00eb Shqip\u00ebri\u201d shkruan Basha n\u00eb postimin e tij.<\/p>","protected":false},"excerpt":{"rendered":"<p>Kreu i PD, Lulzim Basha ndodhet n\u00eb Rom\u00eb ku ka zhvilluar nj\u00eb takim me ministrin e Jasht\u00ebm t\u00eb Vatikanit, Kryeipeshkvi Paul Richard Gallagher. Me an\u00eb t\u00eb nj\u00eb postimi n\u00eb rrjetet sociale, Basha shkruan se kan\u00eb folur p\u00ebr p\u00ebr sfidat me t\u00eb cilat po p\u00ebrballet Shqip\u00ebria, nga situata e v\u00ebshtir\u00eb ekonomike tek korrupsioni q\u00eb jua b\u00ebn [&hellip;]<\/p>\n","protected":false},"author":2030,"featured_media":238588,"comment_status":"closed","ping_status":"closed","sticky":false,"template":"","format":"standard","meta":{"footnotes":""},"categories":[241,5380,231,1454],"tags":[],"class_list":{"0":"post-238587","1":"post","2":"type-post","3":"status-publish","4":"format-standard","5":"has-post-thumbnail","7":"category-aktualitet","8":"category-kryesore","9":"category-lajme","10":"category-politike"},"_links":{"self":[{"href":"https:\/\/zjarr.tv\/en\/wp-json\/wp\/v2\/posts\/238587","targetHints":{"allow":["GET"]}}],"collection":[{"href":"https:\/\/zjarr.tv\/en\/wp-json\/wp\/v2\/posts"}],"about":[{"href":"https:\/\/zjarr.tv\/en\/wp-json\/wp\/v2\/types\/post"}],"author":[{"embeddable":true,"href":"https:\/\/zjarr.tv\/en\/wp-json\/wp\/v2\/users\/2030"}],"replies":[{"embeddable":true,"href":"https:\/\/zjarr.tv\/en\/wp-json\/wp\/v2\/comments?post=238587"}],"version-history":[{"count":0,"href":"https:\/\/zjarr.tv\/en\/wp-json\/wp\/v2\/posts\/238587\/revisions"}],"wp:featuredmedia":[{"embeddable":true,"href":"https:\/\/zjarr.tv\/en\/wp-json\/wp\/v2\/media\/238588"}],"wp:attachment":[{"href":"https:\/\/zjarr.tv\/en\/wp-json\/wp\/v2\/media?parent=238587"}],"wp:term":[{"taxonomy":"category","embeddable":true,"href":"https:\/\/zjarr.tv\/en\/wp-json\/wp\/v2\/categories?post=238587"},{"taxonomy":"post_tag","embeddable":true,"href":"https:\/\/zjarr.tv\/en\/wp-json\/wp\/v2\/tags?post=238587"}],"curies":[{"name":"wp","href":"https:\/\/api.w.org\/{rel}","templated":true}]}}