{"id":238591,"date":"2022-02-22T11:57:14","date_gmt":"2022-02-22T10:57:14","guid":{"rendered":"https:\/\/zjarr.tv\/?p=238591"},"modified":"2022-02-22T11:57:14","modified_gmt":"2022-02-22T10:57:14","slug":"erion-veliaj-deshmon-ne-komision-mirel-mertirin-dhe-klodian-zoton-i-njoh-nga-mediat-i-kam-pare-ne-zimbabve-me-gerti-bogdanin-e-pd","status":"publish","type":"post","link":"https:\/\/zjarr.tv\/en\/erion-veliaj-deshmon-ne-komision-mirel-mertirin-dhe-klodian-zoton-i-njoh-nga-mediat-i-kam-pare-ne-zimbabve-me-gerti-bogdanin-e-pd\/","title":{"rendered":"Erion Veliaj d\u00ebshmon n\u00eb Komision: Mirel M\u00ebrtirin dhe Klodian Zoton i njoh nga mediat, i kam par\u00eb n\u00eb Zimbabve me Gerti Bogdanin e PD"},"content":{"rendered":"<p>Kryebashkiaku i Tiran\u00ebs Erion Veliaj \u00ebsht\u00eb duke d\u00ebshmuar n\u00eb Komisioninm Hetimor p\u00ebr incenerator\u00ebt, ku \u00ebsht\u00eb pyetur n\u00ebse ka njohje me shtetasit Mirel M\u00ebrtiri, Klodian Zoto dhe Stela Gugallja, biznesmen\u00eb t\u00eb akuzuar si t\u00eb p\u00ebrfshir\u00eb n\u00eb afer\u00ebn p\u00ebr impjantet e trajtimit t\u00eb mbetjeve.<\/p>\n<p>I pyetur nga kryetarja Jorida Tabaku p\u00ebr njohjen me biznesmen\u00ebt, Veliaj tha se nuk kishte pasur asnj\u00ebher\u00eb asnj\u00eb kontakt me ta. Madje, kryebashkiaku p\u00ebrmendi dhe nj\u00eb takim t\u00eb zyrtarit t\u00eb PD Ger Bogdani me Mirel M\u00ebrtirin dhe ministrat e shtetit t\u00eb Zimbabves. \u201cI kam par\u00eb n\u00eb fotografi me Gert Bogdanin, q\u00eb ka qen\u00eb n\u00eb at\u00eb koh\u00eb drejtuesi i marr\u00ebdh\u00ebnieve me jasht\u00eb n\u00eb PD\u201d, tha Veliaj.<\/p>\n<p>Pyetje \u2013 p\u00ebrgjigjet e kryebashkiakut Erion Veliaj n\u00eb Komisionin Hetimor<\/p>\n<p>Tabaku: Zoti Veliaj, kur e keni filluar detyr\u00ebn si kryetar i Bashkis\u00eb Tiran\u00eb<\/p>\n<p>Veliaj: E kam filluar k\u00ebt\u00eb detyr\u00eb n\u00eb vitin 2015. Nj\u00eb nd\u00ebr gj\u00ebrat e para q\u00eb kam hasur ka qen\u00eb emergjenc\u00eb mjedisore e shpallur nga qeveria\u2026<\/p>\n<p>Tabaku: Faleminderit, do vazhdojm\u00eb m\u00eb pas, por un\u00eb k\u00ebt\u00eb pyetje kisha p\u00ebr momentin<\/p>\n<p>Veliaj: Dometh\u00ebn\u00eb, donit t\u00eb dinit kur kam filluar un\u00eb pun\u00eb? Kam filluar menj\u00ebher\u00eb pas administrt\u00ebs tuaj, ju si n\u00ebnkryetare dhe zoti Basha si kryetar<\/p>\n<p>Tabaku: Zoti Veliaj njiheni me shtetasit Mirel M\u00ebrtiri, Klodian Zoto dhe Stela Gugallja?<\/p>\n<p>Veliaj: I kam par\u00eb n\u00eb fotografi me Gert Bogdanin, q\u00eb ka qen\u00eb n\u00eb at\u00eb koh\u00eb drejtuesi i marr\u00ebdh\u00ebnieve me jasht\u00eb n\u00eb PD.<\/p>\n<p>Tabaku: Ju nuk keni b\u00ebr\u00eb asnj\u00eb udh\u00ebtim me k\u00ebta shtetas, nuk i njihni n\u00eb asnj\u00eb marr\u00ebdh\u00ebnie tjet\u00ebr?<\/p>\n<p>Veliaj: Nuk kam b\u00ebr\u00eb asnj\u00eb udh\u00ebtim, por jam informuar nga mediat p\u00ebr udh\u00ebtimin e tyre n\u00eb Zimbabve me zyrtar\u00eb t\u00eb PD.<\/p>\n<p>Tabaku: Ju nuk keni kryer asnj\u00eb takim, komunikim, biseda telefonike me ta, n\u00eb lidhje me kontrat\u00ebn?<\/p>\n<p>Veliaj: Nuk kam kryer asnj\u00eb diskutim dhe udh\u00ebtim t\u00eb till\u00eb. Jam njohur nga mediat vet\u00ebm p\u00ebr udh\u00ebtimet e k\u00ebtyre personazheve me drejtuesin e marr\u00ebdh\u00ebnieve me jasht\u00eb t\u00eb PD n\u00eb Zimbabve. N\u00ebse kjo \u00ebsht\u00eb njohje, i njoh n\u00ebp\u00ebrmjet lajmeve t\u00eb zyrtar\u00ebve t\u00eb PD.<\/p>\n<p>Tabaku: Ju jeni thirrur k\u00ebtu n\u00eb cil\u00ebsin\u00eb e d\u00ebshmitarit p\u00ebr kontrat\u00ebn e Tiran\u00ebs.<\/p>\n<p>***<\/p>\n<p>Veliaj: \u00cbsht\u00eb e pandershme kjo q\u00eb po b\u00ebn. E fton tjetrin t\u00eb d\u00ebshmoj\u2026<\/p>\n<p>Tabaku: Mos u b\u00ebj viktim\u00eb se nuk je viktim\u00eb<\/p>\n<p>Veliaj: Po t\u00eb jet\u00eb p\u00ebr p\u00ebrballjet tona un\u00eb t\u00eb kam mundur n\u00eb gjyq dhe je d\u00ebnuar p\u00ebr shpifje, je d\u00ebnuar sistematikisht p\u00ebr shpifje.<\/p>\n<p>Tabaku: M\u00eb lexo vendimin e k\u00ebshillit bashkiak<\/p>\n<p>Veliaj: Mos ma hiq mikrofonin\u2026<\/p>\n<p>Tabaku: M\u00eb lexo vendimin, m\u00eb lexo emrin<\/p>\n<p>Veliaj: Vendim i k\u00ebshillit bashkiak, nr.106, dat\u00eb 28.09.2017, ngarkohet kryetari i bashkis\u00eb s\u00eb Tiran\u00ebs p\u00ebr zbatimin e angazhimeve t\u00eb parashikuara n\u00eb k\u00ebt\u00eb vendim\u2026<\/p>","protected":false},"excerpt":{"rendered":"<p>Kryebashkiaku i Tiran\u00ebs Erion Veliaj \u00ebsht\u00eb duke d\u00ebshmuar n\u00eb Komisioninm Hetimor p\u00ebr incenerator\u00ebt, ku \u00ebsht\u00eb pyetur n\u00ebse ka njohje me shtetasit Mirel M\u00ebrtiri, Klodian Zoto dhe Stela Gugallja, biznesmen\u00eb t\u00eb akuzuar si t\u00eb p\u00ebrfshir\u00eb n\u00eb afer\u00ebn p\u00ebr impjantet e trajtimit t\u00eb mbetjeve. I pyetur nga kryetarja Jorida Tabaku p\u00ebr njohjen me biznesmen\u00ebt, Veliaj tha se [&hellip;]<\/p>\n","protected":false},"author":2030,"featured_media":238592,"comment_status":"closed","ping_status":"closed","sticky":false,"template":"","format":"standard","meta":{"footnotes":""},"categories":[241,3366,5380,231,1454],"tags":[],"class_list":{"0":"post-238591","1":"post","2":"type-post","3":"status-publish","4":"format-standard","5":"has-post-thumbnail","7":"category-aktualitet","8":"category-koment","9":"category-kryesore","10":"category-lajme","11":"category-politike"},"_links":{"self":[{"href":"https:\/\/zjarr.tv\/en\/wp-json\/wp\/v2\/posts\/238591","targetHints":{"allow":["GET"]}}],"collection":[{"href":"https:\/\/zjarr.tv\/en\/wp-json\/wp\/v2\/posts"}],"about":[{"href":"https:\/\/zjarr.tv\/en\/wp-json\/wp\/v2\/types\/post"}],"author":[{"embeddable":true,"href":"https:\/\/zjarr.tv\/en\/wp-json\/wp\/v2\/users\/2030"}],"replies":[{"embeddable":true,"href":"https:\/\/zjarr.tv\/en\/wp-json\/wp\/v2\/comments?post=238591"}],"version-history":[{"count":0,"href":"https:\/\/zjarr.tv\/en\/wp-json\/wp\/v2\/posts\/238591\/revisions"}],"wp:featuredmedia":[{"embeddable":true,"href":"https:\/\/zjarr.tv\/en\/wp-json\/wp\/v2\/media\/238592"}],"wp:attachment":[{"href":"https:\/\/zjarr.tv\/en\/wp-json\/wp\/v2\/media?parent=238591"}],"wp:term":[{"taxonomy":"category","embeddable":true,"href":"https:\/\/zjarr.tv\/en\/wp-json\/wp\/v2\/categories?post=238591"},{"taxonomy":"post_tag","embeddable":true,"href":"https:\/\/zjarr.tv\/en\/wp-json\/wp\/v2\/tags?post=238591"}],"curies":[{"name":"wp","href":"https:\/\/api.w.org\/{rel}","templated":true}]}}