{"id":238599,"date":"2022-02-22T12:01:34","date_gmt":"2022-02-22T11:01:34","guid":{"rendered":"https:\/\/zjarr.tv\/?p=238599"},"modified":"2022-02-22T12:01:34","modified_gmt":"2022-02-22T11:01:34","slug":"veliaj-ne-komision-per-inceneratoret-kryemadhi-i-replikon-live-e-kupton-aq-mire","status":"publish","type":"post","link":"https:\/\/zjarr.tv\/en\/veliaj-ne-komision-per-inceneratoret-kryemadhi-i-replikon-live-e-kupton-aq-mire\/","title":{"rendered":"Veliaj n\u00eb Komision p\u00ebr incenerator\u00ebt, Kryemadhi i replikon \u201clive\u201d: E kupton aq mir\u00eb\u2026"},"content":{"rendered":"<p>Kryebashkiaku Erion Veliaj po d\u00ebshmon n\u00eb Komisionin e incenerator\u00ebve, nd\u00ebrsa<\/p>\n<p>Kryetarja e LSI, Monika Kryemadhi i \u00ebsht\u00eb p\u00ebrgjigjur kryetarit t\u00eb Bashkis\u00eb Erion Veliaj, i cili po d\u00ebshmon n\u00eb Komisionin e incenerator\u00ebve.<\/p>\n<p>N\u00eb p\u00ebrgjigjen e saj, Kryemadhi i publikon Veliajt nj\u00eb deklarat\u00eb t\u00eb tij\u00ebn, nd\u00ebrsa thekson se ai i kupton shum\u00eb mir\u00eb kompetencat e K\u00ebshillit Bashkiak.<\/p>\n<p>\u201cErion Veliaj i kupton shum\u00eb mir\u00eb kompetencat e K\u00ebshillit Bashkiak. E kupton aq mir\u00eb sa edhe p\u00ebr 30 mij\u00eb lek\u00eb t\u00eb vjetra duhet miratimi i K\u00ebshillit Bashkiak. Shikojeni si e ka th\u00ebn\u00eb me z\u00ebrin e vet, q\u00eb si Kryetar Bashkie nuk miratonte dot ndihm\u00ebn ekonomike pa k\u00ebshilltar\u00ebt e K\u00ebshillit.<\/p>\n<p>Pra p\u00ebr 30 mij\u00eb lek\u00eb t\u00eb vjetra duhet K\u00ebshilli, p\u00ebr pagesa ndaj koncesionit 30 vje\u00e7ar nuk i duhej. SPAK, po d\u00ebgjon?\u201d shkruan Kryemadhi.<\/p>","protected":false},"excerpt":{"rendered":"<p>Kryebashkiaku Erion Veliaj po d\u00ebshmon n\u00eb Komisionin e incenerator\u00ebve, nd\u00ebrsa Kryetarja e LSI, Monika Kryemadhi i \u00ebsht\u00eb p\u00ebrgjigjur kryetarit t\u00eb Bashkis\u00eb Erion Veliaj, i cili po d\u00ebshmon n\u00eb Komisionin e incenerator\u00ebve. N\u00eb p\u00ebrgjigjen e saj, Kryemadhi i publikon Veliajt nj\u00eb deklarat\u00eb t\u00eb tij\u00ebn, nd\u00ebrsa thekson se ai i kupton shum\u00eb mir\u00eb kompetencat e K\u00ebshillit Bashkiak. [&hellip;]<\/p>\n","protected":false},"author":2030,"featured_media":167805,"comment_status":"closed","ping_status":"closed","sticky":false,"template":"","format":"standard","meta":{"footnotes":""},"categories":[241,5380,231,1454],"tags":[],"class_list":{"0":"post-238599","1":"post","2":"type-post","3":"status-publish","4":"format-standard","5":"has-post-thumbnail","7":"category-aktualitet","8":"category-kryesore","9":"category-lajme","10":"category-politike"},"_links":{"self":[{"href":"https:\/\/zjarr.tv\/en\/wp-json\/wp\/v2\/posts\/238599","targetHints":{"allow":["GET"]}}],"collection":[{"href":"https:\/\/zjarr.tv\/en\/wp-json\/wp\/v2\/posts"}],"about":[{"href":"https:\/\/zjarr.tv\/en\/wp-json\/wp\/v2\/types\/post"}],"author":[{"embeddable":true,"href":"https:\/\/zjarr.tv\/en\/wp-json\/wp\/v2\/users\/2030"}],"replies":[{"embeddable":true,"href":"https:\/\/zjarr.tv\/en\/wp-json\/wp\/v2\/comments?post=238599"}],"version-history":[{"count":0,"href":"https:\/\/zjarr.tv\/en\/wp-json\/wp\/v2\/posts\/238599\/revisions"}],"wp:featuredmedia":[{"embeddable":true,"href":"https:\/\/zjarr.tv\/en\/wp-json\/wp\/v2\/media\/167805"}],"wp:attachment":[{"href":"https:\/\/zjarr.tv\/en\/wp-json\/wp\/v2\/media?parent=238599"}],"wp:term":[{"taxonomy":"category","embeddable":true,"href":"https:\/\/zjarr.tv\/en\/wp-json\/wp\/v2\/categories?post=238599"},{"taxonomy":"post_tag","embeddable":true,"href":"https:\/\/zjarr.tv\/en\/wp-json\/wp\/v2\/tags?post=238599"}],"curies":[{"name":"wp","href":"https:\/\/api.w.org\/{rel}","templated":true}]}}