{"id":238605,"date":"2022-02-22T12:13:17","date_gmt":"2022-02-22T11:13:17","guid":{"rendered":"https:\/\/zjarr.tv\/?p=238605"},"modified":"2022-02-22T12:13:17","modified_gmt":"2022-02-22T11:13:17","slug":"myslym-murrizi-paralajmeron-do-shkohet-ne-zgjedhje-te-parakohshme","status":"publish","type":"post","link":"https:\/\/zjarr.tv\/en\/myslym-murrizi-paralajmeron-do-shkohet-ne-zgjedhje-te-parakohshme\/","title":{"rendered":"Myslym Murrizi paralajm\u00ebron: Do shkohet n\u00eb zgjedhje t\u00eb parakohshme"},"content":{"rendered":"<p>Ish-deputeti Myslym Murrizi ka folur p\u00ebr zgjedhje e pjesshme lokale t\u00eb 6 marsit n\u00eb 6 bashki. Sipas Murrizit, k\u00ebto zgjedhje jan\u00eb nj\u00eb test p\u00ebr t\u00eb tre si p\u00ebr Ram\u00ebn, Bash\u00ebn dhe Berish\u00ebn.<\/p>\n<p>\u201c6 marsi \u00ebsht\u00eb test p\u00ebr t\u00eb tre, p\u00ebr mazhoranc\u00ebn, Bash\u00ebn dhe Berish\u00ebn. Votojn\u00eb 360 mij\u00eb votues, \u00ebsht\u00eb nj\u00eb test shum\u00eb i mir\u00eb p\u00ebr elektoratin, nuk ka sondazh m\u00eb t\u00eb mir\u00eb. K\u00ebto zgjedhje jan\u00eb test politik p\u00ebr Ram\u00ebn, Bash\u00ebn dhe Berish\u00ebn. N\u00ebse Rama humb t\u00eb 6 bashkit\u00eb me 99% shkohet n\u00eb zgjedhje t\u00eb parakohshme. Por nuk mendoj se Rama do t\u00eb toleroj\u00eb n\u00eb zgjedhjet e 6 marsit\u201d, u shpreh Murrizi n\u00eb \u201cShqip\u201d.<\/p>","protected":false},"excerpt":{"rendered":"<p>Ish-deputeti Myslym Murrizi ka folur p\u00ebr zgjedhje e pjesshme lokale t\u00eb 6 marsit n\u00eb 6 bashki. Sipas Murrizit, k\u00ebto zgjedhje jan\u00eb nj\u00eb test p\u00ebr t\u00eb tre si p\u00ebr Ram\u00ebn, Bash\u00ebn dhe Berish\u00ebn. \u201c6 marsi \u00ebsht\u00eb test p\u00ebr t\u00eb tre, p\u00ebr mazhoranc\u00ebn, Bash\u00ebn dhe Berish\u00ebn. Votojn\u00eb 360 mij\u00eb votues, \u00ebsht\u00eb nj\u00eb test shum\u00eb i mir\u00eb p\u00ebr [&hellip;]<\/p>\n","protected":false},"author":2020,"featured_media":238606,"comment_status":"closed","ping_status":"closed","sticky":false,"template":"","format":"standard","meta":{"footnotes":""},"categories":[241,5380,231],"tags":[],"class_list":{"0":"post-238605","1":"post","2":"type-post","3":"status-publish","4":"format-standard","5":"has-post-thumbnail","7":"category-aktualitet","8":"category-kryesore","9":"category-lajme"},"_links":{"self":[{"href":"https:\/\/zjarr.tv\/en\/wp-json\/wp\/v2\/posts\/238605","targetHints":{"allow":["GET"]}}],"collection":[{"href":"https:\/\/zjarr.tv\/en\/wp-json\/wp\/v2\/posts"}],"about":[{"href":"https:\/\/zjarr.tv\/en\/wp-json\/wp\/v2\/types\/post"}],"author":[{"embeddable":true,"href":"https:\/\/zjarr.tv\/en\/wp-json\/wp\/v2\/users\/2020"}],"replies":[{"embeddable":true,"href":"https:\/\/zjarr.tv\/en\/wp-json\/wp\/v2\/comments?post=238605"}],"version-history":[{"count":0,"href":"https:\/\/zjarr.tv\/en\/wp-json\/wp\/v2\/posts\/238605\/revisions"}],"wp:featuredmedia":[{"embeddable":true,"href":"https:\/\/zjarr.tv\/en\/wp-json\/wp\/v2\/media\/238606"}],"wp:attachment":[{"href":"https:\/\/zjarr.tv\/en\/wp-json\/wp\/v2\/media?parent=238605"}],"wp:term":[{"taxonomy":"category","embeddable":true,"href":"https:\/\/zjarr.tv\/en\/wp-json\/wp\/v2\/categories?post=238605"},{"taxonomy":"post_tag","embeddable":true,"href":"https:\/\/zjarr.tv\/en\/wp-json\/wp\/v2\/tags?post=238605"}],"curies":[{"name":"wp","href":"https:\/\/api.w.org\/{rel}","templated":true}]}}