{"id":238610,"date":"2022-02-22T12:22:07","date_gmt":"2022-02-22T11:22:07","guid":{"rendered":"https:\/\/zjarr.tv\/?p=238610"},"modified":"2022-02-22T12:22:07","modified_gmt":"2022-02-22T11:22:07","slug":"berisha-akuzon-serish-ambasadoren-kim-thirrjet-e-gurvenatores-demtojne-parimet-me-themelore-te-lirise","status":"publish","type":"post","link":"https:\/\/zjarr.tv\/en\/berisha-akuzon-serish-ambasadoren-kim-thirrjet-e-gurvenatores-demtojne-parimet-me-themelore-te-lirise\/","title":{"rendered":"Berisha akuzon s\u00ebrish ambasadoren Kim: Thirrjet e gurvenatores d\u00ebmtojn\u00eb parimet m\u00eb themelore t\u00eb liris\u00eb"},"content":{"rendered":"<p>Gjat\u00eb fjal\u00ebs s\u00eb tij Berisha s\u00ebrish nuk i ka kursyer q\u00eb t\u00eb p\u00ebrmend\u00eb edhe nj\u00eb her\u00eb ambasadoren e SHBA, Yuri Kim, e cilia dje u drejtua kandidat\u00ebve me 4 pyetje.<\/p>\n<p>Berisha edhe nj\u00eb her\u00eb tha se deklarata e ambasadores shkel rregullat e demokracis\u00eb.<\/p>\n<p>\u201cNuk po ndalem n\u00eb thirrjet e gurvenatores q\u00eb flet dhe m\u00eb kujton partin\u00eb e Friman. Kjo jo vet\u00ebm shkel rregulla por edhe parimet m\u00eb themelore t\u00eb liris\u00eb dhe demokracis\u00eb. Ne do dim\u00eb t\u00eb dallojm\u00eb q\u00ebllimet absurd dhe asgj\u00eb nuk do l\u00ebkund\u00eb besimin ton\u00eb n\u00eb vlerat e Amerik\u00ebs.<\/p>\n<p>Fillimi me primaret \u00ebsht\u00eb nj\u00eb model i tyre dhe ket\u00eb model ne do ta \u00e7ojm\u00eb edhe m\u00eb tutje. Ju ftoj ju dhe t\u00eb gjith\u00eb t\u00eb p\u00ebrndjekurit q\u00eb jeni AND e partis\u00eb demokratike.\u00a0 Ne kemi pasur fatin e madh q\u00eb rilindasit tan\u00eb doktrin\u00ebn e shqiptar\u00ebsis\u00eb e hartuan si doktrin\u00eb per\u00ebndimore dhe lan\u00eb k\u00ebshtu orientimin dhe vokacionin ton\u00eb n\u00eb drejtimin e duhur. N\u00eb k\u00ebt\u00eb kontekst dhe t\u00eb gjitha koh\u00ebrat e v\u00ebshtir\u00ebsive t\u00eb PD ju u shnd\u00ebrruar n\u00eb faktor.<\/p>\n<p>Ju ftoj q\u00eb n\u00eb k\u00ebt\u00eb betej\u00eb q\u00eb ka si q\u00ebllim rivendosjen e liris\u00eb dhe vlerave t\u00eb saj. Rivendosjen e vlerave konservatore t\u00eb shqiptar\u00ebve dhe konsolidimin e tyre ta vazhdojn\u00eb duke dh\u00ebn\u00eb kontributin e tyre. Jam i bindur q\u00eb do ngrem\u00eb opozit\u00ebn m\u00eb t\u00eb fuqishme q\u00eb ka njohur vendi dhe do t\u00eb fitojm\u00eb\u201d, tha Berisha.<\/p>","protected":false},"excerpt":{"rendered":"<p>Gjat\u00eb fjal\u00ebs s\u00eb tij Berisha s\u00ebrish nuk i ka kursyer q\u00eb t\u00eb p\u00ebrmend\u00eb edhe nj\u00eb her\u00eb ambasadoren e SHBA, Yuri Kim, e cilia dje u drejtua kandidat\u00ebve me 4 pyetje. Berisha edhe nj\u00eb her\u00eb tha se deklarata e ambasadores shkel rregullat e demokracis\u00eb. \u201cNuk po ndalem n\u00eb thirrjet e gurvenatores q\u00eb flet dhe m\u00eb kujton [&hellip;]<\/p>\n","protected":false},"author":2020,"featured_media":196155,"comment_status":"closed","ping_status":"closed","sticky":false,"template":"","format":"standard","meta":{"footnotes":""},"categories":[241,5380,231],"tags":[],"class_list":{"0":"post-238610","1":"post","2":"type-post","3":"status-publish","4":"format-standard","5":"has-post-thumbnail","7":"category-aktualitet","8":"category-kryesore","9":"category-lajme"},"_links":{"self":[{"href":"https:\/\/zjarr.tv\/en\/wp-json\/wp\/v2\/posts\/238610","targetHints":{"allow":["GET"]}}],"collection":[{"href":"https:\/\/zjarr.tv\/en\/wp-json\/wp\/v2\/posts"}],"about":[{"href":"https:\/\/zjarr.tv\/en\/wp-json\/wp\/v2\/types\/post"}],"author":[{"embeddable":true,"href":"https:\/\/zjarr.tv\/en\/wp-json\/wp\/v2\/users\/2020"}],"replies":[{"embeddable":true,"href":"https:\/\/zjarr.tv\/en\/wp-json\/wp\/v2\/comments?post=238610"}],"version-history":[{"count":0,"href":"https:\/\/zjarr.tv\/en\/wp-json\/wp\/v2\/posts\/238610\/revisions"}],"wp:featuredmedia":[{"embeddable":true,"href":"https:\/\/zjarr.tv\/en\/wp-json\/wp\/v2\/media\/196155"}],"wp:attachment":[{"href":"https:\/\/zjarr.tv\/en\/wp-json\/wp\/v2\/media?parent=238610"}],"wp:term":[{"taxonomy":"category","embeddable":true,"href":"https:\/\/zjarr.tv\/en\/wp-json\/wp\/v2\/categories?post=238610"},{"taxonomy":"post_tag","embeddable":true,"href":"https:\/\/zjarr.tv\/en\/wp-json\/wp\/v2\/tags?post=238610"}],"curies":[{"name":"wp","href":"https:\/\/api.w.org\/{rel}","templated":true}]}}