{"id":238612,"date":"2022-02-22T12:31:41","date_gmt":"2022-02-22T11:31:41","guid":{"rendered":"https:\/\/zjarr.tv\/?p=238612"},"modified":"2022-02-22T12:31:41","modified_gmt":"2022-02-22T11:31:41","slug":"klevis-balliu-keta-qe-ndihmoni-ju-zonja-ambasadore-dashuri-kane-erdoganin-dhe-shef-kane-rusine","status":"publish","type":"post","link":"https:\/\/zjarr.tv\/en\/klevis-balliu-keta-qe-ndihmoni-ju-zonja-ambasadore-dashuri-kane-erdoganin-dhe-shef-kane-rusine\/","title":{"rendered":"Klevis Balliu: K\u00ebta q\u00eb ndihmoni ju Zonja Ambasadore, dashuri kan\u00eb Erdoganin dhe shef kan\u00eb Rusin\u00eb"},"content":{"rendered":"<p>Kkevis Balliu ka reaguar ndaj Ambasadores\u00a0\u00a0\u00a0 amerikane yuri kim<\/p>\n<p>Klevis Balliu<\/p>\n<p>K\u00ebta q\u00eb ndihmoni ju Zonja Ambasadore, dashuri kan\u00eb Erdoganin dhe shef kan\u00eb Rusin\u00eb.<\/p>\n<p>Ndaj n\u00ebse doni t\u00eb flisni ju fotoj:<\/p>\n<p>Flisni p\u00ebr incenerator\u00ebt.<\/p>\n<p>Flisni p\u00ebr DH Albania.<\/p>\n<p>Flisni p\u00ebr 5 Majin.<\/p>\n<p>Flisni p\u00ebr Laprak\u00ebn.<\/p>\n<p>Flisni p\u00ebr rrug\u00ebn Milot- Balldren.<\/p>\n<p>Flisni p\u00ebr kriminel\u00ebt.<\/p>\n<p>Flisni p\u00ebr chek up.<\/p>\n<p>Flisni p\u00ebr dhun\u00ebn ndaj banor\u00ebve t\u00eb Unaz\u00ebs.<\/p>\n<p>Flisni p\u00ebr 7.3 miliard Euro t\u00eb \u00e7uar d\u00ebm n\u00eb buxhetin e shtetit.<\/p>\n<p>Flisni p\u00ebr bujq\u00ebsin\u00eb q\u00eb \u00ebsht\u00eb shkat\u00ebrruar.<\/p>\n<p>Flisni p\u00ebr arrestimet e protestuesve.<\/p>\n<p>Flisni p\u00ebr drog\u00ebn q\u00eb ka pllakosur vendin.<\/p>\n<p>Flisni p\u00ebr Ndraget\u00ebn dhe Veliajn.<\/p>\n<p>Flisni p\u00ebr pishat miliona euroshe t\u00eb Veliajt.<\/p>\n<p>Flisni p\u00ebr pastrimin e parave t\u00eb mafias me pallatet e Veliajt.<\/p>\n<p>Flisni p\u00ebr kapjen e medias nga Rama dhe Veliaj.<\/p>\n<p>Flisni p\u00ebr sh\u00ebndet\u00ebsin\u00eb q\u00eb ska m\u00eb ila\u00e7e.<\/p>\n<p>Flisni p\u00ebr lidhjet e Ram\u00ebs me krimin.<\/p>\n<p>Flisni p\u00ebr Portin e Durr\u00ebsit.<\/p>\n<p>Flisni p\u00ebr vjedhjen e zgjedhjeve.<\/p>\n<p>Flisni p\u00ebr vrasjen n\u00eb Elbasan.<\/p>\n<p>Flisni p\u00ebr Forcat e Armatosura q\u00eb jan\u00eb shkat\u00ebrruar.<\/p>\n<p>Flisni p\u00ebr vilat e pushtetar\u00ebve.<\/p>\n<p>Flisni p\u00ebr Toyota Yaris.<\/p>\n<p>Flisni p\u00ebr dosjen \u201cMuzin\u201d.<\/p>\n<p>Flisni p\u00ebr influenc\u00ebn Ruse n\u00eb Shqip\u00ebri.<\/p>\n<p>Flisni p\u00ebr bashk\u00ebpuntor\u00ebt e sigurimit n\u00eb qeveri.<\/p>\n<p>Flisni p\u00ebr patronazhist\u00ebt.<\/p>\n<p>Flisni p\u00ebr daljen e t\u00eb dh\u00ebnave personale.<\/p>\n<p>Do t\u00eb ishte mir\u00eb Zonja Ambasadore t\u00eb flisnit p\u00ebr k\u00ebto q\u00eb ka fakte dhe prova dhe jo p\u00ebr lobime majtiste t\u00eb sh\u00ebmtuara q\u00eb skan\u00eb asnj\u00eb fakt dhe asnj\u00eb prov\u00eb.<\/p>\n<p>Flisni p\u00ebr \u00e7\u00ebshtjet me fakte dhe jo ato pa fakte. Se njer\u00ebzit q\u00eb po d\u00ebmtohen nga k\u00ebto afera dhe k\u00ebto krime jan\u00eb ata q\u00eb kan\u00eb luftuar duke par\u00eb n\u00eb \u00ebnd\u00ebrr flamurin q\u00eb ju p\u00ebrfaq\u00ebsoni sot n\u00eb Shqip\u00ebri.<\/p>","protected":false},"excerpt":{"rendered":"<p>Kkevis Balliu ka reaguar ndaj Ambasadores\u00a0\u00a0\u00a0 amerikane yuri kim Klevis Balliu K\u00ebta q\u00eb ndihmoni ju Zonja Ambasadore, dashuri kan\u00eb Erdoganin dhe shef kan\u00eb Rusin\u00eb. Ndaj n\u00ebse doni t\u00eb flisni ju fotoj: Flisni p\u00ebr incenerator\u00ebt. Flisni p\u00ebr DH Albania. Flisni p\u00ebr 5 Majin. Flisni p\u00ebr Laprak\u00ebn. Flisni p\u00ebr rrug\u00ebn Milot- Balldren. Flisni p\u00ebr kriminel\u00ebt. Flisni p\u00ebr [&hellip;]<\/p>\n","protected":false},"author":2020,"featured_media":146035,"comment_status":"closed","ping_status":"closed","sticky":false,"template":"","format":"standard","meta":{"footnotes":""},"categories":[241,5380,231],"tags":[],"class_list":{"0":"post-238612","1":"post","2":"type-post","3":"status-publish","4":"format-standard","5":"has-post-thumbnail","7":"category-aktualitet","8":"category-kryesore","9":"category-lajme"},"_links":{"self":[{"href":"https:\/\/zjarr.tv\/en\/wp-json\/wp\/v2\/posts\/238612","targetHints":{"allow":["GET"]}}],"collection":[{"href":"https:\/\/zjarr.tv\/en\/wp-json\/wp\/v2\/posts"}],"about":[{"href":"https:\/\/zjarr.tv\/en\/wp-json\/wp\/v2\/types\/post"}],"author":[{"embeddable":true,"href":"https:\/\/zjarr.tv\/en\/wp-json\/wp\/v2\/users\/2020"}],"replies":[{"embeddable":true,"href":"https:\/\/zjarr.tv\/en\/wp-json\/wp\/v2\/comments?post=238612"}],"version-history":[{"count":0,"href":"https:\/\/zjarr.tv\/en\/wp-json\/wp\/v2\/posts\/238612\/revisions"}],"wp:featuredmedia":[{"embeddable":true,"href":"https:\/\/zjarr.tv\/en\/wp-json\/wp\/v2\/media\/146035"}],"wp:attachment":[{"href":"https:\/\/zjarr.tv\/en\/wp-json\/wp\/v2\/media?parent=238612"}],"wp:term":[{"taxonomy":"category","embeddable":true,"href":"https:\/\/zjarr.tv\/en\/wp-json\/wp\/v2\/categories?post=238612"},{"taxonomy":"post_tag","embeddable":true,"href":"https:\/\/zjarr.tv\/en\/wp-json\/wp\/v2\/tags?post=238612"}],"curies":[{"name":"wp","href":"https:\/\/api.w.org\/{rel}","templated":true}]}}