{"id":238615,"date":"2022-02-22T12:35:55","date_gmt":"2022-02-22T11:35:55","guid":{"rendered":"https:\/\/zjarr.tv\/?p=238615"},"modified":"2022-02-22T12:35:55","modified_gmt":"2022-02-22T11:35:55","slug":"per-ke-bente-tifo-kreshnik-spahiu-e-thote-troc-ne-mes-te-emisionit-keto-jane-4-sekondat-qe-e-rrezuan-donaldin-dhe-ngriten-ilirin","status":"publish","type":"post","link":"https:\/\/zjarr.tv\/en\/per-ke-bente-tifo-kreshnik-spahiu-e-thote-troc-ne-mes-te-emisionit-keto-jane-4-sekondat-qe-e-rrezuan-donaldin-dhe-ngriten-ilirin\/","title":{"rendered":"P\u00ebr k\u00eb b\u00ebnte tifo? Kreshnik Spahiu e thot\u00eb tro\u00e7 n\u00eb mes t\u00eb emisionit: K\u00ebto jan\u00eb 4 sekondat q\u00eb e rr\u00ebzuan Donaldin dhe ngrit\u00ebn Ilirin!"},"content":{"rendered":"<p>Ish-kreu i Aleanc\u00ebs Kuq e Zi, Kreshnik Spahiu i ftuar mbr\u00ebmjen e djeshme n\u00eb emisionin \u2018Open\u2019 komentoi reality-show-n \u2018Big Brother VIP\u2019.<\/p>\n<p>Spahiu tha se ai personalisht ka bar\u00eb tifo p\u00ebr Ilirin, por mendonte se \u00e7mimin e madh do ta merrte Donaldi. Sipas tij, pika q\u00eb e rr\u00ebzoi t\u00ebr\u00ebsisht Donaldin, ishte deklarata e tij pasi doli nga \u2018Big Brother VIP\u2019 se do t\u00eb nd\u00ebrtonte 4 sht\u00ebpi dhe i b\u00ebnte ftes\u00eb edhe Ilirit p\u00ebr k\u00ebt\u00eb.<\/p>\n<p>\u201cUn\u00eb personalisht kam qen\u00eb q\u00eb t\u00eb fitonte Iliri, por prisja q\u00eb trofeun ta merrte n\u00eb fund Donaldi, kur pash\u00eb m\u00ebnyr\u00ebn se si po shkonin gj\u00ebrat n\u00eb publik\u201d, u shpreh fillimisht Spahiu<\/p>\n<p>\u201cMegjithat\u00eb, kuptova diferenc\u00ebn e Ilirit me Donaldin me nj\u00eb moment shum\u00eb specifik pas daljes nga sht\u00ebpia, kur Donaldi tha nj\u00eb gj\u00eb n\u00eb faqen e tij para fansave\u201d.<\/p>\n<p>\u201cAi filloi t\u00eb merrej me lek\u00ebt, ku do i p\u00ebrdor\u00eb ky fituesi lek\u00ebt, hajde b\u00ebjm\u00eb sht\u00ebpi, un\u00eb fus 100 mij\u00eb euro\u2026 Aty u zhg\u00ebnjeva dhe kuptova se figura e Donaldit ra p\u00ebr 4 sekonda. Ajo ishte gaf\u00eb prej tij\u201d, u shpreh Spahiu.<\/p>","protected":false},"excerpt":{"rendered":"<p>Ish-kreu i Aleanc\u00ebs Kuq e Zi, Kreshnik Spahiu i ftuar mbr\u00ebmjen e djeshme n\u00eb emisionin \u2018Open\u2019 komentoi reality-show-n \u2018Big Brother VIP\u2019. Spahiu tha se ai personalisht ka bar\u00eb tifo p\u00ebr Ilirin, por mendonte se \u00e7mimin e madh do ta merrte Donaldi. Sipas tij, pika q\u00eb e rr\u00ebzoi t\u00ebr\u00ebsisht Donaldin, ishte deklarata e tij pasi doli [&hellip;]<\/p>\n","protected":false},"author":2030,"featured_media":163438,"comment_status":"closed","ping_status":"closed","sticky":false,"template":"","format":"standard","meta":{"footnotes":""},"categories":[241,3366,5380,231],"tags":[],"class_list":{"0":"post-238615","1":"post","2":"type-post","3":"status-publish","4":"format-standard","5":"has-post-thumbnail","7":"category-aktualitet","8":"category-koment","9":"category-kryesore","10":"category-lajme"},"_links":{"self":[{"href":"https:\/\/zjarr.tv\/en\/wp-json\/wp\/v2\/posts\/238615","targetHints":{"allow":["GET"]}}],"collection":[{"href":"https:\/\/zjarr.tv\/en\/wp-json\/wp\/v2\/posts"}],"about":[{"href":"https:\/\/zjarr.tv\/en\/wp-json\/wp\/v2\/types\/post"}],"author":[{"embeddable":true,"href":"https:\/\/zjarr.tv\/en\/wp-json\/wp\/v2\/users\/2030"}],"replies":[{"embeddable":true,"href":"https:\/\/zjarr.tv\/en\/wp-json\/wp\/v2\/comments?post=238615"}],"version-history":[{"count":0,"href":"https:\/\/zjarr.tv\/en\/wp-json\/wp\/v2\/posts\/238615\/revisions"}],"wp:featuredmedia":[{"embeddable":true,"href":"https:\/\/zjarr.tv\/en\/wp-json\/wp\/v2\/media\/163438"}],"wp:attachment":[{"href":"https:\/\/zjarr.tv\/en\/wp-json\/wp\/v2\/media?parent=238615"}],"wp:term":[{"taxonomy":"category","embeddable":true,"href":"https:\/\/zjarr.tv\/en\/wp-json\/wp\/v2\/categories?post=238615"},{"taxonomy":"post_tag","embeddable":true,"href":"https:\/\/zjarr.tv\/en\/wp-json\/wp\/v2\/tags?post=238615"}],"curies":[{"name":"wp","href":"https:\/\/api.w.org\/{rel}","templated":true}]}}