{"id":238643,"date":"2022-02-22T12:59:52","date_gmt":"2022-02-22T11:59:52","guid":{"rendered":"https:\/\/zjarr.tv\/?p=238643"},"modified":"2022-02-22T13:18:49","modified_gmt":"2022-02-22T12:18:49","slug":"ky-veliaj-i-thote-vete-burgut-hapu","status":"publish","type":"post","link":"https:\/\/zjarr.tv\/en\/ky-veliaj-i-thote-vete-burgut-hapu\/","title":{"rendered":"Ky Veliaj i thot\u00eb vet\u00eb burgut hapu"},"content":{"rendered":"<p>Nga Petrit Vasili<\/p>\n<p>Me plot goj\u00ebn thot\u00eb e kam dhunuar haptas ligjin.<\/p>\n<p>Veliaj thot\u00eb publikisht perpara Komisionit Hetimor, qe sipas tij Keshilli Bashkiak i Tiranes ka marre Vendimin Nr.106 per inceneratoret ne 28 shtator 2017. Veliaj e ka marr\u00eb vendimin vet\u00eb, q\u00eb gjasht\u00eb muaj m\u00eb par\u00eb, pra q\u00eb n\u00eb 27 mars 2017 pa pyetur hi\u00e7 Keshillin Bashkiak.<\/p>\n<p>NENI 54<\/p>\n<p>Detyrat dhe kompetencat e k\u00ebshillit bashkiakK\u00ebshilli bashkiak ka k\u00ebto detyra dhe kompetenca:<\/p>\n<p>miraton buxhetin dhe ndryshimet e tij. N\u00eb vendimin p\u00ebr miratimin e buxhetit miraton, gjithashtu, edhe numrin e maksimal t\u00eb punonj\u00ebsve t\u00eb bashkis\u00eb, si dhe t\u00eb nj\u00ebsive e institucioneve buxhetore n\u00eb var\u00ebsi t\u00eb bashkis\u00eb; Po cilat jane kompetencat e Veliajt, ja cfare thote neni 64<\/p>\n<p>Neni 64<\/p>\n<p>Kryetari i bashkis\u00eb ka k\u00ebto kompetenca dhe detyra:<br \/>\nushtron t\u00eb gjitha kompetencat n\u00eb kryerjen e funksioneve t\u00eb bashkis\u00eb, me p\u00ebrjashtim t\u00eb atyre q\u00eb jan\u00eb kompetenc\u00eb vet\u00ebm e k\u00ebshillit p\u00ebrkat\u00ebs;<br \/>\nzbaton aktet e k\u00ebshillit<\/p>\n<p>1.privatizimi prej tij i Bashkise se Tiranes<\/p>\n<p>2.eshte veper e qarte korruptive<\/p>\n<p>3.eshte rrembim i paligjshem i kompetencave te Keshillit Bashkiak dhe shperdorim i qarte detyre. Veliaj tamam Lal\u00eb kros qe vete shkruan vete vulos dhe as pyet hi\u00e7 asfare per ligj. SPAK vepro, ruaj dinjitetin sepse shkelja e ligjit eshte sheshit!<\/p>","protected":false},"excerpt":{"rendered":"<p>Nga Petrit Vasili Me plot goj\u00ebn thot\u00eb e kam dhunuar haptas ligjin. Veliaj thot\u00eb publikisht perpara Komisionit Hetimor, qe sipas tij Keshilli Bashkiak i Tiranes ka marre Vendimin Nr.106 per inceneratoret ne 28 shtator 2017. Veliaj e ka marr\u00eb vendimin vet\u00eb, q\u00eb gjasht\u00eb muaj m\u00eb par\u00eb, pra q\u00eb n\u00eb 27 mars 2017 pa pyetur hi\u00e7 [&hellip;]<\/p>\n","protected":false},"author":2020,"featured_media":238644,"comment_status":"closed","ping_status":"closed","sticky":false,"template":"","format":"standard","meta":{"footnotes":""},"categories":[241,5380,231],"tags":[],"class_list":{"0":"post-238643","1":"post","2":"type-post","3":"status-publish","4":"format-standard","5":"has-post-thumbnail","7":"category-aktualitet","8":"category-kryesore","9":"category-lajme"},"_links":{"self":[{"href":"https:\/\/zjarr.tv\/en\/wp-json\/wp\/v2\/posts\/238643","targetHints":{"allow":["GET"]}}],"collection":[{"href":"https:\/\/zjarr.tv\/en\/wp-json\/wp\/v2\/posts"}],"about":[{"href":"https:\/\/zjarr.tv\/en\/wp-json\/wp\/v2\/types\/post"}],"author":[{"embeddable":true,"href":"https:\/\/zjarr.tv\/en\/wp-json\/wp\/v2\/users\/2020"}],"replies":[{"embeddable":true,"href":"https:\/\/zjarr.tv\/en\/wp-json\/wp\/v2\/comments?post=238643"}],"version-history":[{"count":0,"href":"https:\/\/zjarr.tv\/en\/wp-json\/wp\/v2\/posts\/238643\/revisions"}],"wp:featuredmedia":[{"embeddable":true,"href":"https:\/\/zjarr.tv\/en\/wp-json\/wp\/v2\/media\/238644"}],"wp:attachment":[{"href":"https:\/\/zjarr.tv\/en\/wp-json\/wp\/v2\/media?parent=238643"}],"wp:term":[{"taxonomy":"category","embeddable":true,"href":"https:\/\/zjarr.tv\/en\/wp-json\/wp\/v2\/categories?post=238643"},{"taxonomy":"post_tag","embeddable":true,"href":"https:\/\/zjarr.tv\/en\/wp-json\/wp\/v2\/tags?post=238643"}],"curies":[{"name":"wp","href":"https:\/\/api.w.org\/{rel}","templated":true}]}}