{"id":238710,"date":"2022-02-22T14:54:14","date_gmt":"2022-02-22T13:54:14","guid":{"rendered":"https:\/\/zjarr.tv\/?p=238710"},"modified":"2022-02-22T14:54:14","modified_gmt":"2022-02-22T13:54:14","slug":"skandali-veliaj-genjen-nen-betim-per-firmen-e-hedhur-pro-inceneratorit","status":"publish","type":"post","link":"https:\/\/zjarr.tv\/en\/skandali-veliaj-genjen-nen-betim-per-firmen-e-hedhur-pro-inceneratorit\/","title":{"rendered":"Skandali\/ Veliaj g\u00ebnjen n\u00ebn betim p\u00ebr firm\u00ebn e hedhur pro inceneratorit"},"content":{"rendered":"<p>Kryebashkiaku i Tiran\u00ebs Erjon Veliaj \u00ebsht\u00eb kapur sot n\u00eb krim q\u00eb d\u00ebnohet deri me dy vjet burg, duke g\u00ebnjyer n\u00eb d\u00ebshmin\u00eb e tij para komisionit hetimor.<\/p>\n<p>N\u00eb debatin e tij me kryetaren e komisionit Jorida Tabaku, ai \u00ebsht\u00eb munduar t\u00eb dredhoj\u00eb gjat\u00eb duke p\u00ebrmendur proceset q\u00eb ka fituar ndaj Tabakut, duke nxjerr\u00eb kontratat e Lulzim Bash\u00ebs kur drejtonte Tiran\u00ebn, duke u fshehur p\u00ebr dy standardet e drejtuesve lokal\u00eb demokrat\u00eb n\u00eb qytete t\u00eb tjera, por duke refuzuar m\u00eb shum\u00eb se gjys\u00ebm ore ti p\u00ebrgjigjet nj\u00eb pyetje t\u00eb thjesht\u00eb:<\/p>\n<p>\u2018Pse ka tejkaluar kompetencat e k\u00ebshillit Bashkiak, p\u00ebr ti hapur rrug\u00eb nd\u00ebrtimit t\u00eb inceneratorit t\u00eb Tiran\u00ebs dhe duke firmosur vet\u00eb personalisht p\u00ebr nj\u00eb gj\u00eb q\u00eb nuk i takonte\u2019.<\/p>\n<p>Dhe i gozhduar pasi kjo pyetje iu p\u00ebrs\u00ebrit mbi 20 her\u00eb ai u detyrua t\u00eb nxirrte nj\u00eb dokument tjet\u00ebr, n\u00eb vend t\u00eb atij q\u00eb i k\u00ebrkohej p\u00ebr t\u00eb th\u00ebn\u00eb q\u00eb si kryebashkiak kishte vepruar me miratimin e k\u00ebshillit.<\/p>\n<p>Kur mbaroi debati i zjarrt\u00eb Jorida Tabaku tha: \u2018Veliaj genjeu n\u00eb betim. Gjat\u00eb p\u00ebrgjigjeve ai iu referua nj\u00eb vendimi t\u00eb K\u00ebshilli Bashkiak t\u00eb muajit shtator 2017, nd\u00ebrkoh\u00eb q\u00eb me n\u00ebnshkrimin e tij i ka hapur rruge inceneratorit q\u00eb n\u00eb mars 2017 (shiko posht\u00eb dokumentin origjinal)\u2019.<\/p>\n<p><img loading=\"lazy\" decoding=\"async\" class=\"alignnone size-medium wp-image-238711\" src=\"https:\/\/zjarr.tv\/wp-content\/uploads\/2022\/02\/auto_auto_hoxha11640769463_11645535215-225x300.jpg\" alt=\"\" width=\"225\" height=\"300\" srcset=\"https:\/\/zjarr.tv\/wp-content\/uploads\/2022\/02\/auto_auto_hoxha11640769463_11645535215-225x300.jpg 225w, https:\/\/zjarr.tv\/wp-content\/uploads\/2022\/02\/auto_auto_hoxha11640769463_11645535215-767x1024.jpg 767w, https:\/\/zjarr.tv\/wp-content\/uploads\/2022\/02\/auto_auto_hoxha11640769463_11645535215-768x1026.jpg 768w, https:\/\/zjarr.tv\/wp-content\/uploads\/2022\/02\/auto_auto_hoxha11640769463_11645535215-696x930.jpg 696w, https:\/\/zjarr.tv\/wp-content\/uploads\/2022\/02\/auto_auto_hoxha11640769463_11645535215-314x420.jpg 314w, https:\/\/zjarr.tv\/wp-content\/uploads\/2022\/02\/auto_auto_hoxha11640769463_11645535215.jpg 900w\" sizes=\"auto, (max-width: 225px) 100vw, 225px\" \/><\/p>\n<p>P\u00ebr t\u00eb kuptuar k\u00ebt\u00eb duhet njohur pak historia e k\u00ebsaj afere. Kompania \u2018Integrated Energy BV u angazhua q\u00eb do t\u00eb nd\u00ebrtonte djeg\u00ebsin e Tiran\u00ebs i cili do t\u00eb financohej n\u00ebp\u00ebrmjet nj\u00eb tarife p\u00ebr incenerimin e mbetjeve nga nj\u00ebsit\u00eb e qeverisjes vendore t\u00eb qarkut Tiran\u00eb.<\/p>\n<p>Sipas t\u00eb dh\u00ebnave t\u00eb m\u00ebvonshme q\u00eb nxori Kontrolli i Lart\u00eb i Shtetit dhe i b\u00ebri publike opozita, kjo qe nj\u00eb nd\u00ebrmarrje korruptive q\u00eb do ti kushtonte publikut shqiptar tre fish m\u00eb shtrenjt\u00eb. Po cili qe roli i Veliajt n\u00eb k\u00ebt\u00eb \u2018grup t\u00eb strukturuar\u2019 q\u00eb dyshohet se ka ndyer duart n\u00eb nj\u00eb grabitje?<\/p>\n<p>Me q\u00ebllim p\u00ebrshpejtimin e nd\u00ebrtimit t\u00eb k\u00ebsaj vepre, q\u00eb i jepte m\u00eb shum\u00eb para t\u00eb arrestuarve q\u00eb sot jan\u00eb n\u00eb k\u00ebrkim, Stela Gugalla dhe Klodian Zoto Erion Veliaj ka tejkaluar kompetencat e tij duke marr\u00eb edhe ato t\u00eb k\u00ebshillit bashkiak. Sipas raportit t\u00eb Kontrollit t\u00eb Lart\u00eb t\u00eb Shtetit, q\u00eb ka lexuar Lapsi.al, Veliaj nuk e ka tagrin p\u00ebr ta miratuar projektin, pasi ai vet\u00ebm e propozon buxhetin e bashkis\u00eb, i cili miratohet nga K\u00ebshilli Bashkiak.<\/p>\n<p>\u2018Angazhimi p\u00ebr dakord\u00ebsin\u00eb duhet t\u00eb p\u00ebrfshij\u00eb marrjen e vendimit nga K\u00ebshilli Bashkiak p\u00ebrkat\u00ebs, si autoriteti kompetent p\u00ebr miratimin e buxhetit, nd\u00ebrkoh\u00eb q\u00eb aprovimi \u00ebsht\u00eb dh\u00ebn\u00eb nga autoriteti i kryetarit t\u00eb Bashkis\u00eb q\u00eb ka p\u00ebr kompetenc\u00eb vet\u00ebm propozimin e buxhetit n\u00eb k\u00ebshill,\u2019 thekson KLSH.<\/p>\n<p>Pra p\u00ebr akuz\u00ebn se ka firmosur n\u00eb nj\u00eb shkres\u00eb pa marr\u00eb miratimin e K\u00ebshillit bashkiak Veliaj del krejt\u00ebsisht zbuluar dhe ky ekspozim i tij b\u00ebhet edhe m\u00eb i r\u00ebnd\u00eb, kur ai mundohet, q\u00eb p\u00ebr t\u00eb mbrojtur k\u00ebt\u00eb shkelje, g\u00ebnjen n\u00eb d\u00ebshmin\u00eb para komisionit hetimor parlamentar.<\/p>","protected":false},"excerpt":{"rendered":"<p>Kryebashkiaku i Tiran\u00ebs Erjon Veliaj \u00ebsht\u00eb kapur sot n\u00eb krim q\u00eb d\u00ebnohet deri me dy vjet burg, duke g\u00ebnjyer n\u00eb d\u00ebshmin\u00eb e tij para komisionit hetimor. N\u00eb debatin e tij me kryetaren e komisionit Jorida Tabaku, ai \u00ebsht\u00eb munduar t\u00eb dredhoj\u00eb gjat\u00eb duke p\u00ebrmendur proceset q\u00eb ka fituar ndaj Tabakut, duke nxjerr\u00eb kontratat e Lulzim [&hellip;]<\/p>\n","protected":false},"author":2030,"featured_media":238712,"comment_status":"closed","ping_status":"closed","sticky":false,"template":"","format":"standard","meta":{"footnotes":""},"categories":[241,5380,231,1454],"tags":[],"class_list":{"0":"post-238710","1":"post","2":"type-post","3":"status-publish","4":"format-standard","5":"has-post-thumbnail","7":"category-aktualitet","8":"category-kryesore","9":"category-lajme","10":"category-politike"},"_links":{"self":[{"href":"https:\/\/zjarr.tv\/en\/wp-json\/wp\/v2\/posts\/238710","targetHints":{"allow":["GET"]}}],"collection":[{"href":"https:\/\/zjarr.tv\/en\/wp-json\/wp\/v2\/posts"}],"about":[{"href":"https:\/\/zjarr.tv\/en\/wp-json\/wp\/v2\/types\/post"}],"author":[{"embeddable":true,"href":"https:\/\/zjarr.tv\/en\/wp-json\/wp\/v2\/users\/2030"}],"replies":[{"embeddable":true,"href":"https:\/\/zjarr.tv\/en\/wp-json\/wp\/v2\/comments?post=238710"}],"version-history":[{"count":0,"href":"https:\/\/zjarr.tv\/en\/wp-json\/wp\/v2\/posts\/238710\/revisions"}],"wp:featuredmedia":[{"embeddable":true,"href":"https:\/\/zjarr.tv\/en\/wp-json\/wp\/v2\/media\/238712"}],"wp:attachment":[{"href":"https:\/\/zjarr.tv\/en\/wp-json\/wp\/v2\/media?parent=238710"}],"wp:term":[{"taxonomy":"category","embeddable":true,"href":"https:\/\/zjarr.tv\/en\/wp-json\/wp\/v2\/categories?post=238710"},{"taxonomy":"post_tag","embeddable":true,"href":"https:\/\/zjarr.tv\/en\/wp-json\/wp\/v2\/tags?post=238710"}],"curies":[{"name":"wp","href":"https:\/\/api.w.org\/{rel}","templated":true}]}}