{"id":238816,"date":"2022-02-22T22:09:57","date_gmt":"2022-02-22T21:09:57","guid":{"rendered":"https:\/\/zjarr.tv\/?p=238816"},"modified":"2022-02-22T22:09:57","modified_gmt":"2022-02-22T21:09:57","slug":"alqi-bllako-nuk-deshmon-ne-komisionin-hetimor-e-kam-dhene-deshmine-time-ne-spak-cdo-gje-eshte-sekret-hetimor","status":"publish","type":"post","link":"https:\/\/zjarr.tv\/en\/alqi-bllako-nuk-deshmon-ne-komisionin-hetimor-e-kam-dhene-deshmine-time-ne-spak-cdo-gje-eshte-sekret-hetimor\/","title":{"rendered":"Alqi Bllako nuk d\u00ebshmon n\u00eb Komisionin Hetimor: E kam dh\u00ebn\u00eb d\u00ebshmin\u00eb time n\u00eb SPAK, \u00e7do gj\u00eb \u00ebsht\u00eb sekret hetimor!"},"content":{"rendered":"<p>Deputeti i Partis\u00eb Socialiste Alqi Bllako \u00ebsht\u00eb thirrur p\u00ebr t\u00eb d\u00ebshmuar n\u00eb Komisionin Hetimor Parlamentar p\u00ebr Incenerator\u00ebt.<\/p>\n<p>Gjat\u00eb fjal\u00ebs s\u00eb tij Bllako ka refuzuar t\u00eb jap\u00eb d\u00ebshmin\u00eb e tij pasi e ka dh\u00ebn\u00eb at\u00eb m\u00eb her\u00ebt pran\u00eb organeve t\u00eb SPAK-ut dhe n\u00eb kuad\u00ebr t\u00eb k\u00ebsaj theksoi se \u00e7do gj\u00eb q\u00eb ka d\u00ebshmuar \u00ebsht\u00eb sekret hetimor.<\/p>\n<p>Ai k\u00ebrkoi q\u00eb p\u00ebrpara Komisionit t\u00eb b\u00ebnte nj\u00eb deklarat\u00eb, mir\u00ebpo kjo k\u00ebrkes\u00eb e tij nuk \u00ebsht\u00eb pranuar nga kryetarja e Komisionit Jorida Tabaku.<\/p>\n<p>Alqi Bllako: Sa i p\u00ebrket objektit p\u00ebr hetimin e k\u00ebtij komisioni, un\u00eb kam dh\u00ebn\u00eb nj\u00eb d\u00ebshmi t\u00eb plot\u00eb p\u00ebr gati 5 or\u00eb pran\u00eb p\u00ebrfaq\u00ebsuesve t\u00eb Prokuroris\u00eb s\u00eb Posa\u00e7me. Mendoj se jam n\u00eb kushtet e pamundshm\u00ebris\u00eb p\u00ebr t\u00eb d\u00ebshmuar pasi \u00e7do gj\u00eb q\u00eb t\u00eb di e kam d\u00ebshmuar pran\u00eb k\u00ebtij organi.<\/p>\n<p>Jam i gatsh\u00ebm t\u00eb n\u00ebnshkruaj dhe deklarat\u00ebn p\u00ebrkat\u00ebse, por do ju lutesha q\u00eb t\u00eb b\u00ebja shkurtimisht disa sqarime n\u00eb lidhje me disa t\u00eb pav\u00ebrteta t\u00eb cilat n\u00eb gjykimin tim kan\u00eb p\u00ebrbaltur emrin tim gjat\u00eb k\u00ebtyre muajve.<\/p>","protected":false},"excerpt":{"rendered":"<p>Deputeti i Partis\u00eb Socialiste Alqi Bllako \u00ebsht\u00eb thirrur p\u00ebr t\u00eb d\u00ebshmuar n\u00eb Komisionin Hetimor Parlamentar p\u00ebr Incenerator\u00ebt. Gjat\u00eb fjal\u00ebs s\u00eb tij Bllako ka refuzuar t\u00eb jap\u00eb d\u00ebshmin\u00eb e tij pasi e ka dh\u00ebn\u00eb at\u00eb m\u00eb her\u00ebt pran\u00eb organeve t\u00eb SPAK-ut dhe n\u00eb kuad\u00ebr t\u00eb k\u00ebsaj theksoi se \u00e7do gj\u00eb q\u00eb ka d\u00ebshmuar \u00ebsht\u00eb sekret hetimor. [&hellip;]<\/p>\n","protected":false},"author":2031,"featured_media":238817,"comment_status":"closed","ping_status":"closed","sticky":false,"template":"","format":"standard","meta":{"footnotes":""},"categories":[231],"tags":[],"class_list":{"0":"post-238816","1":"post","2":"type-post","3":"status-publish","4":"format-standard","5":"has-post-thumbnail","7":"category-lajme"},"_links":{"self":[{"href":"https:\/\/zjarr.tv\/en\/wp-json\/wp\/v2\/posts\/238816","targetHints":{"allow":["GET"]}}],"collection":[{"href":"https:\/\/zjarr.tv\/en\/wp-json\/wp\/v2\/posts"}],"about":[{"href":"https:\/\/zjarr.tv\/en\/wp-json\/wp\/v2\/types\/post"}],"author":[{"embeddable":true,"href":"https:\/\/zjarr.tv\/en\/wp-json\/wp\/v2\/users\/2031"}],"replies":[{"embeddable":true,"href":"https:\/\/zjarr.tv\/en\/wp-json\/wp\/v2\/comments?post=238816"}],"version-history":[{"count":0,"href":"https:\/\/zjarr.tv\/en\/wp-json\/wp\/v2\/posts\/238816\/revisions"}],"wp:featuredmedia":[{"embeddable":true,"href":"https:\/\/zjarr.tv\/en\/wp-json\/wp\/v2\/media\/238817"}],"wp:attachment":[{"href":"https:\/\/zjarr.tv\/en\/wp-json\/wp\/v2\/media?parent=238816"}],"wp:term":[{"taxonomy":"category","embeddable":true,"href":"https:\/\/zjarr.tv\/en\/wp-json\/wp\/v2\/categories?post=238816"},{"taxonomy":"post_tag","embeddable":true,"href":"https:\/\/zjarr.tv\/en\/wp-json\/wp\/v2\/tags?post=238816"}],"curies":[{"name":"wp","href":"https:\/\/api.w.org\/{rel}","templated":true}]}}