{"id":239123,"date":"2022-02-24T06:28:04","date_gmt":"2022-02-24T05:28:04","guid":{"rendered":"https:\/\/zjarr.tv\/?p=239123"},"modified":"2022-02-24T06:28:04","modified_gmt":"2022-02-24T05:28:04","slug":"damian-gjiknuri-padit-orjola-pampurin-per-shpifje-cmontimi-dje-i-shpifjeve-ne-komision-detyroi-lulin-te-nxjerre-sot-folesen-e-radhes","status":"publish","type":"post","link":"https:\/\/zjarr.tv\/en\/damian-gjiknuri-padit-orjola-pampurin-per-shpifje-cmontimi-dje-i-shpifjeve-ne-komision-detyroi-lulin-te-nxjerre-sot-folesen-e-radhes\/","title":{"rendered":"Damian Gjiknuri padit Orjola Pampurin p\u00ebr shpifje: \u00c7montimi dje i shpifjeve n\u00eb Komision, detyroi Lulin t\u00eb nxjerr\u00eb sot fol\u00ebsen e radh\u00ebs"},"content":{"rendered":"<p>Sekretari i P\u00ebrgjithsh\u00ebm i PS Damian Gjiknuri, do t\u00eb padis\u00eb p\u00ebr shpifje deputeten demokrate Orjola Pampuri. N\u00eb nj\u00eb reagim n\u00eb Facebook, deputeti Gjiknuri thot\u00eb se seanca e djeshme n\u00eb Komisionin hetimor \u00e7montoi akuzat dhe shpifjet e fabrikuara nga PD.<\/p>\n<p>\u201cShpifja prej koh\u00ebsh \u00ebsht\u00eb nj\u00eb institucion n\u00eb PD. Kjo nuk p\u00ebrb\u00ebn \u00e7udi! \u00c7udi \u00ebsht\u00eb fakti se si institucioni me logo t\u00eb reja, e avaze t\u00eb vjetra, nuk heq dor\u00eb nga shpifja. Me sa duket, \u00e7montimi dje n\u00eb Komisionin Hetimor i shpifjeve t\u00eb fabrikuara nga SHQUP-i, b\u00ebri q\u00eb Luli t\u00eb nxjerr\u00eb sot fol\u00ebsen e radh\u00ebs p\u00ebr t\u00eb fabrikuar g\u00ebnjeshtra. Nga 15 udh\u00ebtime q\u00eb thoshte Gazi i Lulit n\u00eb tetor, sot d\u00ebgjuam nga suflerja e Lulit se qenkan 6. E v\u00ebrteta nuk mund t\u00eb fshihet, as nga Lulzim Basha dhe as nga gaztor\u00ebt e oborrit t\u00eb tij, q\u00eb mundohen t\u00eb shmangin me g\u00ebnjeshtra dhe shpifje tipike humb\u00ebsish q\u00eb din\u00eb ve\u00e7se \u201cta b\u00ebjm\u00eb dit\u00ebn nat\u00eb\u201d. <\/p>\n<p>E v\u00ebrteta \u00ebsht\u00eb krejt ndryshe dhe k\u00ebto provohen leht\u00ebsisht. Si\u00e7 e sqarova edhe dje n\u00eb Komision, udh\u00ebtimet e pretenduara n\u00eb vitet 2014 \u2013 2018 jan\u00eb vizita pune zyrtare dhe n\u00eb p\u00ebrputhje me praktik\u00ebn, e cila gjendet leht\u00ebsisht n\u00eb institucionin q\u00eb drejtoja. Nd\u00ebrsa datat e dy udh\u00ebtimeve t\u00eb mia m\u00eb 2019 jan\u00eb pa asnj\u00eb lidhje me personat n\u00eb fjal\u00eb, pasi jan\u00eb udh\u00ebtime familjare. Transporti q\u00eb kam zgjedhur \u00ebsht\u00eb publik dhe me linja komerciale, duke b\u00ebr\u00eb q\u00eb \u00e7do lidhje rast\u00ebsore \u00ebsht\u00eb thjesht ushqim p\u00ebr shpifjen\u201d, thekson Gjiknuri.<\/p>","protected":false},"excerpt":{"rendered":"<p>Sekretari i P\u00ebrgjithsh\u00ebm i PS Damian Gjiknuri, do t\u00eb padis\u00eb p\u00ebr shpifje deputeten demokrate Orjola Pampuri. N\u00eb nj\u00eb reagim n\u00eb Facebook, deputeti Gjiknuri thot\u00eb se seanca e djeshme n\u00eb Komisionin hetimor \u00e7montoi akuzat dhe shpifjet e fabrikuara nga PD. \u201cShpifja prej koh\u00ebsh \u00ebsht\u00eb nj\u00eb institucion n\u00eb PD. Kjo nuk p\u00ebrb\u00ebn \u00e7udi! \u00c7udi \u00ebsht\u00eb fakti se [&hellip;]<\/p>\n","protected":false},"author":2031,"featured_media":239124,"comment_status":"closed","ping_status":"closed","sticky":false,"template":"","format":"standard","meta":{"footnotes":""},"categories":[241,231,235],"tags":[],"class_list":{"0":"post-239123","1":"post","2":"type-post","3":"status-publish","4":"format-standard","5":"has-post-thumbnail","7":"category-aktualitet","8":"category-lajme","9":"category-vendi"},"_links":{"self":[{"href":"https:\/\/zjarr.tv\/en\/wp-json\/wp\/v2\/posts\/239123","targetHints":{"allow":["GET"]}}],"collection":[{"href":"https:\/\/zjarr.tv\/en\/wp-json\/wp\/v2\/posts"}],"about":[{"href":"https:\/\/zjarr.tv\/en\/wp-json\/wp\/v2\/types\/post"}],"author":[{"embeddable":true,"href":"https:\/\/zjarr.tv\/en\/wp-json\/wp\/v2\/users\/2031"}],"replies":[{"embeddable":true,"href":"https:\/\/zjarr.tv\/en\/wp-json\/wp\/v2\/comments?post=239123"}],"version-history":[{"count":0,"href":"https:\/\/zjarr.tv\/en\/wp-json\/wp\/v2\/posts\/239123\/revisions"}],"wp:featuredmedia":[{"embeddable":true,"href":"https:\/\/zjarr.tv\/en\/wp-json\/wp\/v2\/media\/239124"}],"wp:attachment":[{"href":"https:\/\/zjarr.tv\/en\/wp-json\/wp\/v2\/media?parent=239123"}],"wp:term":[{"taxonomy":"category","embeddable":true,"href":"https:\/\/zjarr.tv\/en\/wp-json\/wp\/v2\/categories?post=239123"},{"taxonomy":"post_tag","embeddable":true,"href":"https:\/\/zjarr.tv\/en\/wp-json\/wp\/v2\/tags?post=239123"}],"curies":[{"name":"wp","href":"https:\/\/api.w.org\/{rel}","templated":true}]}}