{"id":239380,"date":"2022-02-24T20:46:28","date_gmt":"2022-02-24T19:46:28","guid":{"rendered":"https:\/\/zjarr.tv\/?p=239380"},"modified":"2022-02-24T20:46:28","modified_gmt":"2022-02-24T19:46:28","slug":"meta-flet-pas-mbledhjes-se-keshillit-te-sigurise-diskutuam-masat-qe-do-te-marrim-i-bashkohemi-thirrjeve-te-nato-s-per-rusine-kthehuni-te-dialogu","status":"publish","type":"post","link":"https:\/\/zjarr.tv\/en\/meta-flet-pas-mbledhjes-se-keshillit-te-sigurise-diskutuam-masat-qe-do-te-marrim-i-bashkohemi-thirrjeve-te-nato-s-per-rusine-kthehuni-te-dialogu\/","title":{"rendered":"Meta flet pas mbledhjes s\u00eb K\u00ebshillit t\u00eb Siguris\u00eb: Diskutuam masat q\u00eb do t\u00eb marrim! I bashkohemi thirrjeve t\u00eb NATO-s p\u00ebr Rusin\u00eb, kthehuni te dialogu"},"content":{"rendered":"<p>Presidenti Ilir Meta ka dh\u00ebn\u00eb nj\u00eb deklarat\u00eb p\u00ebr mediat pas mbeldhjes s\u00eb K\u00ebshillit Komb\u00ebtar t\u00eb Siguris\u00eb. Ai tha se n\u00eb mbledhje u fol p\u00ebr masat q\u00eb do t\u00eb nd\u00ebrmarr\u00eb Shqip\u00ebria pas sulmeve ruse n\u00eb Ukrain\u00eb, n\u00eb raport me sigurin\u00eb n\u00eb vendin ton\u00eb.<\/p>\n<p>\u201cPas p\u00ebrshkall\u00ebzimit t\u00eb situat\u00ebs gjat\u00eb m\u00ebngjesit t\u00eb sot\u00ebm, kur nisi agresioni ushtarak rus n\u00eb Ukrain\u00eb, vendosa t\u00eb th\u00ebrras p\u00ebrs\u00ebri mbledhjen e K\u00ebshillit t\u00eb Siguris\u00eb Komb\u00ebtare, p\u00ebr t\u00eb b\u00ebr\u00eb nj\u00eb rivler\u00ebsim t\u00eb situat\u00ebs q\u00eb prej mbledhjes s\u00eb fundit t\u00eb 14 shkurtit 2022 mbi k\u00ebt\u00eb tem\u00eb. <\/p>\n<p> Ky p\u00ebrshkall\u00ebzim i pajustifikuesh\u00ebm p\u00ebrb\u00ebn shkelje t\u00eb r\u00ebnd\u00eb t\u00eb s\u00eb drejt\u00ebs nd\u00ebrkomb\u00ebtare, Kart\u00ebs s\u00eb OKB, Marr\u00ebveshjes s\u00eb Minskut, Memorandumit t\u00eb Budapestit, dhe minon sigurin\u00eb dhe paqen n\u00eb mbar\u00eb Europ\u00ebn.<\/p>\n<p> Si President i Republik\u00ebs dhe n\u00eb em\u00ebr t\u00eb popullit shqiptar, shpreh dhembjen e thell\u00eb p\u00ebr jet\u00ebt e humbura gjat\u00eb k\u00ebtij sulmi, dhe uroj sh\u00ebrim t\u00eb shpejt\u00eb p\u00ebr t\u00eb plagosurit. N\u00eb k\u00ebto momente dramatike, shpreh gjithashtu solidaritetin e plot\u00eb me popullin e Ukrain\u00ebs, dhe institucionet e saj demokratike \u201d, tha Meta.<\/p>","protected":false},"excerpt":{"rendered":"<p>Presidenti Ilir Meta ka dh\u00ebn\u00eb nj\u00eb deklarat\u00eb p\u00ebr mediat pas mbeldhjes s\u00eb K\u00ebshillit Komb\u00ebtar t\u00eb Siguris\u00eb. Ai tha se n\u00eb mbledhje u fol p\u00ebr masat q\u00eb do t\u00eb nd\u00ebrmarr\u00eb Shqip\u00ebria pas sulmeve ruse n\u00eb Ukrain\u00eb, n\u00eb raport me sigurin\u00eb n\u00eb vendin ton\u00eb. \u201cPas p\u00ebrshkall\u00ebzimit t\u00eb situat\u00ebs gjat\u00eb m\u00ebngjesit t\u00eb sot\u00ebm, kur nisi agresioni ushtarak rus [&hellip;]<\/p>\n","protected":false},"author":2031,"featured_media":179301,"comment_status":"closed","ping_status":"closed","sticky":false,"template":"","format":"standard","meta":{"footnotes":""},"categories":[241,231,235],"tags":[],"class_list":{"0":"post-239380","1":"post","2":"type-post","3":"status-publish","4":"format-standard","5":"has-post-thumbnail","7":"category-aktualitet","8":"category-lajme","9":"category-vendi"},"_links":{"self":[{"href":"https:\/\/zjarr.tv\/en\/wp-json\/wp\/v2\/posts\/239380","targetHints":{"allow":["GET"]}}],"collection":[{"href":"https:\/\/zjarr.tv\/en\/wp-json\/wp\/v2\/posts"}],"about":[{"href":"https:\/\/zjarr.tv\/en\/wp-json\/wp\/v2\/types\/post"}],"author":[{"embeddable":true,"href":"https:\/\/zjarr.tv\/en\/wp-json\/wp\/v2\/users\/2031"}],"replies":[{"embeddable":true,"href":"https:\/\/zjarr.tv\/en\/wp-json\/wp\/v2\/comments?post=239380"}],"version-history":[{"count":0,"href":"https:\/\/zjarr.tv\/en\/wp-json\/wp\/v2\/posts\/239380\/revisions"}],"wp:featuredmedia":[{"embeddable":true,"href":"https:\/\/zjarr.tv\/en\/wp-json\/wp\/v2\/media\/179301"}],"wp:attachment":[{"href":"https:\/\/zjarr.tv\/en\/wp-json\/wp\/v2\/media?parent=239380"}],"wp:term":[{"taxonomy":"category","embeddable":true,"href":"https:\/\/zjarr.tv\/en\/wp-json\/wp\/v2\/categories?post=239380"},{"taxonomy":"post_tag","embeddable":true,"href":"https:\/\/zjarr.tv\/en\/wp-json\/wp\/v2\/tags?post=239380"}],"curies":[{"name":"wp","href":"https:\/\/api.w.org\/{rel}","templated":true}]}}