{"id":239383,"date":"2022-02-24T21:00:11","date_gmt":"2022-02-24T20:00:11","guid":{"rendered":"https:\/\/zjarr.tv\/?p=239383"},"modified":"2022-02-24T21:00:11","modified_gmt":"2022-02-24T20:00:11","slug":"pergjigje-e-drejtperdrejte-ndaj-rusise-shba-debon-diplomatin-rus","status":"publish","type":"post","link":"https:\/\/zjarr.tv\/en\/pergjigje-e-drejtperdrejte-ndaj-rusise-shba-debon-diplomatin-rus\/","title":{"rendered":"P\u00ebrgjigje e drejtp\u00ebrdrejt\u00eb ndaj Rusis\u00eb, SHBA d\u00ebbon diplomatin rus"},"content":{"rendered":"<p>SHBA d\u00ebboi diplomatin nr. 2 n\u00eb ambasad\u00ebn ruse n\u00eb Uashington, DC, si p\u00ebrgjigje ndaj Rusis\u00eb q\u00eb d\u00ebboi diplomatin e rangut t\u00eb dyt\u00eb amerikan n\u00eb Mosk\u00eb n\u00eb fillim t\u00eb k\u00ebtij viti, konfirmon nj\u00eb zyrtar i Departamentit t\u00eb Shtetit.<\/p>\n<p>SHBA-ja e nd\u00ebrmori k\u00ebt\u00eb veprim si nj\u00eb p\u00ebrgjigje e drejtp\u00ebrdrejt\u00eb ndaj asaj q\u00eb kishin b\u00ebr\u00eb rus\u00ebt \u2013 asgj\u00eb lidhur me kriz\u00ebn n\u00eb Ukrain\u00eb. Ky rast vjen pas vitesh t\u00eb k\u00ebqia diplomatike t\u00eb shk\u00ebmbyera mes dy vendeve. <\/p>\n<p>Personi nr. 2 n\u00eb ambasad\u00ebn ruse q\u00eb do t\u00eb largohet \u00ebsht\u00eb k\u00ebshilltari i ministrit.<\/p>","protected":false},"excerpt":{"rendered":"<p>SHBA d\u00ebboi diplomatin nr. 2 n\u00eb ambasad\u00ebn ruse n\u00eb Uashington, DC, si p\u00ebrgjigje ndaj Rusis\u00eb q\u00eb d\u00ebboi diplomatin e rangut t\u00eb dyt\u00eb amerikan n\u00eb Mosk\u00eb n\u00eb fillim t\u00eb k\u00ebtij viti, konfirmon nj\u00eb zyrtar i Departamentit t\u00eb Shtetit. SHBA-ja e nd\u00ebrmori k\u00ebt\u00eb veprim si nj\u00eb p\u00ebrgjigje e drejtp\u00ebrdrejt\u00eb ndaj asaj q\u00eb kishin b\u00ebr\u00eb rus\u00ebt \u2013 asgj\u00eb [&hellip;]<\/p>\n","protected":false},"author":2031,"featured_media":239384,"comment_status":"closed","ping_status":"closed","sticky":false,"template":"","format":"standard","meta":{"footnotes":""},"categories":[231],"tags":[],"class_list":{"0":"post-239383","1":"post","2":"type-post","3":"status-publish","4":"format-standard","5":"has-post-thumbnail","7":"category-lajme"},"_links":{"self":[{"href":"https:\/\/zjarr.tv\/en\/wp-json\/wp\/v2\/posts\/239383","targetHints":{"allow":["GET"]}}],"collection":[{"href":"https:\/\/zjarr.tv\/en\/wp-json\/wp\/v2\/posts"}],"about":[{"href":"https:\/\/zjarr.tv\/en\/wp-json\/wp\/v2\/types\/post"}],"author":[{"embeddable":true,"href":"https:\/\/zjarr.tv\/en\/wp-json\/wp\/v2\/users\/2031"}],"replies":[{"embeddable":true,"href":"https:\/\/zjarr.tv\/en\/wp-json\/wp\/v2\/comments?post=239383"}],"version-history":[{"count":0,"href":"https:\/\/zjarr.tv\/en\/wp-json\/wp\/v2\/posts\/239383\/revisions"}],"wp:featuredmedia":[{"embeddable":true,"href":"https:\/\/zjarr.tv\/en\/wp-json\/wp\/v2\/media\/239384"}],"wp:attachment":[{"href":"https:\/\/zjarr.tv\/en\/wp-json\/wp\/v2\/media?parent=239383"}],"wp:term":[{"taxonomy":"category","embeddable":true,"href":"https:\/\/zjarr.tv\/en\/wp-json\/wp\/v2\/categories?post=239383"},{"taxonomy":"post_tag","embeddable":true,"href":"https:\/\/zjarr.tv\/en\/wp-json\/wp\/v2\/tags?post=239383"}],"curies":[{"name":"wp","href":"https:\/\/api.w.org\/{rel}","templated":true}]}}