{"id":240117,"date":"2022-02-28T11:38:49","date_gmt":"2022-02-28T10:38:49","guid":{"rendered":"https:\/\/zjarr.tv\/?p=240117"},"modified":"2022-02-28T11:38:49","modified_gmt":"2022-02-28T10:38:49","slug":"shqiperia-krah-per-krah-ukraines-meta-inkurajoj-shoqerine-civile-qe-te-vazhdoje-ndihmat-humanitare","status":"publish","type":"post","link":"https:\/\/zjarr.tv\/en\/shqiperia-krah-per-krah-ukraines-meta-inkurajoj-shoqerine-civile-qe-te-vazhdoje-ndihmat-humanitare\/","title":{"rendered":"\u201cShqip\u00ebria krah p\u00ebr krah Ukrain\u00ebs\u201d, Meta: Inkurajoj shoq\u00ebrin\u00eb civile q\u00eb t\u00eb vazhdoj\u00eb ndihmat humanitare"},"content":{"rendered":"<p>Presidenti Ilir Meta me an\u00eb t\u00eb nj\u00eb postimi n\u00eb rrjetet sociale thekson edhe nj\u00eb her\u00eb se Shqip\u00ebria q\u00ebndron n\u00eb krah\u00eb t\u00eb Ukrain\u00ebs.<\/p>\n<p>Me an\u00eb t\u00eb nj\u00eb postimi n\u00eb rrjetet sociale ai inkurajon shoq\u00ebrin\u00eb civile q\u00eb t\u00eb vazhdoj\u00eb ndihmat humanitare.<\/p>\n<p>\u201cShqip\u00ebria krah p\u00ebr krah Ukrain\u00ebs, n\u00eb solidaritet t\u00eb plot\u00eb me p\u00ebrpjekjet e nj\u00eb populli q\u00eb lufton heroikisht p\u00ebr t\u00eb mbrojtur me \u00e7do kusht lirin\u00eb e tij! Inkurajoj shoq\u00ebrin\u00eb civile q\u00eb t\u00eb vazhdoj\u00eb ndihmat humanitare!\u201dshkruan Meta n\u00eb postimin e tij.<\/p>","protected":false},"excerpt":{"rendered":"<p>Presidenti Ilir Meta me an\u00eb t\u00eb nj\u00eb postimi n\u00eb rrjetet sociale thekson edhe nj\u00eb her\u00eb se Shqip\u00ebria q\u00ebndron n\u00eb krah\u00eb t\u00eb Ukrain\u00ebs. Me an\u00eb t\u00eb nj\u00eb postimi n\u00eb rrjetet sociale ai inkurajon shoq\u00ebrin\u00eb civile q\u00eb t\u00eb vazhdoj\u00eb ndihmat humanitare. \u201cShqip\u00ebria krah p\u00ebr krah Ukrain\u00ebs, n\u00eb solidaritet t\u00eb plot\u00eb me p\u00ebrpjekjet e nj\u00eb populli q\u00eb lufton [&hellip;]<\/p>\n","protected":false},"author":2031,"featured_media":180586,"comment_status":"closed","ping_status":"closed","sticky":false,"template":"","format":"standard","meta":{"footnotes":""},"categories":[231],"tags":[],"class_list":{"0":"post-240117","1":"post","2":"type-post","3":"status-publish","4":"format-standard","5":"has-post-thumbnail","7":"category-lajme"},"_links":{"self":[{"href":"https:\/\/zjarr.tv\/en\/wp-json\/wp\/v2\/posts\/240117","targetHints":{"allow":["GET"]}}],"collection":[{"href":"https:\/\/zjarr.tv\/en\/wp-json\/wp\/v2\/posts"}],"about":[{"href":"https:\/\/zjarr.tv\/en\/wp-json\/wp\/v2\/types\/post"}],"author":[{"embeddable":true,"href":"https:\/\/zjarr.tv\/en\/wp-json\/wp\/v2\/users\/2031"}],"replies":[{"embeddable":true,"href":"https:\/\/zjarr.tv\/en\/wp-json\/wp\/v2\/comments?post=240117"}],"version-history":[{"count":0,"href":"https:\/\/zjarr.tv\/en\/wp-json\/wp\/v2\/posts\/240117\/revisions"}],"wp:featuredmedia":[{"embeddable":true,"href":"https:\/\/zjarr.tv\/en\/wp-json\/wp\/v2\/media\/180586"}],"wp:attachment":[{"href":"https:\/\/zjarr.tv\/en\/wp-json\/wp\/v2\/media?parent=240117"}],"wp:term":[{"taxonomy":"category","embeddable":true,"href":"https:\/\/zjarr.tv\/en\/wp-json\/wp\/v2\/categories?post=240117"},{"taxonomy":"post_tag","embeddable":true,"href":"https:\/\/zjarr.tv\/en\/wp-json\/wp\/v2\/tags?post=240117"}],"curies":[{"name":"wp","href":"https:\/\/api.w.org\/{rel}","templated":true}]}}