{"id":240335,"date":"2022-02-28T19:49:56","date_gmt":"2022-02-28T18:49:56","guid":{"rendered":"https:\/\/zjarr.tv\/?p=240335"},"modified":"2022-02-28T19:49:56","modified_gmt":"2022-02-28T18:49:56","slug":"zvicra-del-nga-neutraliteti-miraton-sanksionet-e-be-se-per-rusine-ngrin-llogarite-bankare-te-putinit","status":"publish","type":"post","link":"https:\/\/zjarr.tv\/en\/zvicra-del-nga-neutraliteti-miraton-sanksionet-e-be-se-per-rusine-ngrin-llogarite-bankare-te-putinit\/","title":{"rendered":"Zvicra del nga \u201cneutraliteti\u201d, miraton sanksionet e BE-s\u00eb p\u00ebr Rusin\u00eb, ngrin llogarit\u00eb bankare t\u00eb Putinit"},"content":{"rendered":"<p>Zvicra ka b\u00ebr\u00eb me dije se duke filluar nga dita e sotme do t\u00eb sanksionoj\u00eb Rusin\u00eb p\u00ebr luft\u00ebn n\u00eb Ukrain\u00eb, duke thyer statusin e saj tradicional neutral.<\/p>\n<p>N\u00eb nj\u00eb postim n\u00eb \u201cTwitter\u201d, ka qen\u00eb ambasadori i Zvicr\u00ebs n\u00eb SHBA, Jacques Pitteloud, i cili ka njoftuar se jan\u00eb miratuar sanksionet e BE-s\u00eb kund\u00ebr Rusis\u00eb dhe jan\u00eb ngrir\u00eb t\u00eb gjitha asetet e individ\u00ebve dhe kompanive t\u00eb listuara me efekt t\u00eb menj\u00ebhersh\u00ebm.<\/p>\n<p> Pes\u00eb oligark\u00ebve tashm\u00eb u \u00ebsht\u00eb ndaluar hyrja n\u00eb Zvic\u00ebr, derisa llogarit\u00eb bankare t\u00eb t\u00eb gjith\u00eb 336 personave n\u00eb list\u00ebn e BE-s\u00eb, p\u00ebrfshir\u00eb Vladimir Putin dhe Sergei Lavrov, do t\u00eb ngrihen me efekt t\u00eb menj\u00ebhersh\u00ebm.<\/p>\n<p>\u201cZvicra miraton sanksionet e BE-s\u00eb kund\u00ebr Rusis\u00eb dhe ngrin asetet e individ\u00ebve dhe kompanive t\u00eb listuara me efekt t\u00eb menj\u00ebhersh\u00ebm. Zvicra ripohon solidaritetin e saj me Ukrain\u00ebn dhe  popullin e saj dhe do t\u00eb d\u00ebrgoj\u00eb ndihma p\u00ebr njer\u00ebzit q\u00eb kan\u00eb ikur n\u00eb Poloni\u201d, shkruan ai.<\/p>","protected":false},"excerpt":{"rendered":"<p>Zvicra ka b\u00ebr\u00eb me dije se duke filluar nga dita e sotme do t\u00eb sanksionoj\u00eb Rusin\u00eb p\u00ebr luft\u00ebn n\u00eb Ukrain\u00eb, duke thyer statusin e saj tradicional neutral. N\u00eb nj\u00eb postim n\u00eb \u201cTwitter\u201d, ka qen\u00eb ambasadori i Zvicr\u00ebs n\u00eb SHBA, Jacques Pitteloud, i cili ka njoftuar se jan\u00eb miratuar sanksionet e BE-s\u00eb kund\u00ebr Rusis\u00eb dhe jan\u00eb [&hellip;]<\/p>\n","protected":false},"author":2031,"featured_media":240336,"comment_status":"closed","ping_status":"closed","sticky":false,"template":"","format":"standard","meta":{"footnotes":""},"categories":[231],"tags":[],"class_list":{"0":"post-240335","1":"post","2":"type-post","3":"status-publish","4":"format-standard","5":"has-post-thumbnail","7":"category-lajme"},"_links":{"self":[{"href":"https:\/\/zjarr.tv\/en\/wp-json\/wp\/v2\/posts\/240335","targetHints":{"allow":["GET"]}}],"collection":[{"href":"https:\/\/zjarr.tv\/en\/wp-json\/wp\/v2\/posts"}],"about":[{"href":"https:\/\/zjarr.tv\/en\/wp-json\/wp\/v2\/types\/post"}],"author":[{"embeddable":true,"href":"https:\/\/zjarr.tv\/en\/wp-json\/wp\/v2\/users\/2031"}],"replies":[{"embeddable":true,"href":"https:\/\/zjarr.tv\/en\/wp-json\/wp\/v2\/comments?post=240335"}],"version-history":[{"count":0,"href":"https:\/\/zjarr.tv\/en\/wp-json\/wp\/v2\/posts\/240335\/revisions"}],"wp:featuredmedia":[{"embeddable":true,"href":"https:\/\/zjarr.tv\/en\/wp-json\/wp\/v2\/media\/240336"}],"wp:attachment":[{"href":"https:\/\/zjarr.tv\/en\/wp-json\/wp\/v2\/media?parent=240335"}],"wp:term":[{"taxonomy":"category","embeddable":true,"href":"https:\/\/zjarr.tv\/en\/wp-json\/wp\/v2\/categories?post=240335"},{"taxonomy":"post_tag","embeddable":true,"href":"https:\/\/zjarr.tv\/en\/wp-json\/wp\/v2\/tags?post=240335"}],"curies":[{"name":"wp","href":"https:\/\/api.w.org\/{rel}","templated":true}]}}