{"id":240344,"date":"2022-02-28T21:36:28","date_gmt":"2022-02-28T20:36:28","guid":{"rendered":"https:\/\/zjarr.tv\/?p=240344"},"modified":"2022-02-28T21:36:28","modified_gmt":"2022-02-28T20:36:28","slug":"topalli-per-bashen-dukej-si-nje-mish-i-huaj-ne-pd-ka-ardhur-me-nje-axhende-qe-skishte-lidhje-me-partine","status":"publish","type":"post","link":"https:\/\/zjarr.tv\/en\/topalli-per-bashen-dukej-si-nje-mish-i-huaj-ne-pd-ka-ardhur-me-nje-axhende-qe-skishte-lidhje-me-partine\/","title":{"rendered":"Topalli p\u00ebr Bash\u00ebn: Dukej si \u201cnj\u00eb mish i huaj\u201d n\u00eb PD, ka ardhur me nj\u00eb axhend\u00eb q\u00eb s\u2019kishte lidhje me partin\u00eb"},"content":{"rendered":"<p>Ish-kryetarja e Kuvendit Jozefina Topalli ka folur p\u00ebr situat\u00ebn politike n\u00eb vend. Ajo u ndal dhe te kreu i PD Lulzim Basha duke u shprehur n\u00eb nj\u00eb intervist\u00eb n\u00eb \u201cSyri tv\u201d se ai dukej si trup i huaj n\u00eb PD, duke shtuar se ardhja e tij n\u00eb Partin\u00eb Demokratike ngjan si artificiale, pasi kishte nj\u00eb axhend\u00eb q\u00eb nuk kishte lidhje me partin\u00eb.<\/p>\n<p>\u201cNe ishim m\u00ebsuar ndryshe t\u00eb drejtoheshim. Ne besonim se ishim aty p\u00ebr interesin publik, un\u00eb thell\u00ebsisht besoja k\u00ebt\u00eb dhe mendonim se ishim sh\u00ebrb\u00ebtor\u00eb ndaj Shqip\u00ebris\u00eb e shqiptar\u00ebve. Te Basha nuk gjej asnj\u00ebr\u00ebn prej k\u00ebtyre, dukej si trup i huaj n\u00eb PD, ishte artificiale ardhja e tij, nuk kishte kontribute n\u00eb Partin\u00eb Demokratike, sidoqoft\u00eb t\u00eb rinjt\u00eb duhet t\u00eb afrohen n\u00eb PD p\u00ebr t\u00eb dh\u00ebn\u00eb shembullin e tyre, q\u00eb mund t\u00eb jet\u00eb m\u00eb i mir\u00eb\u201d, tha Topalli.<\/p>\n<p>Pyetje: A e keni respektuar si kryetar Bash\u00ebn?<\/p>\n<p>Topalli: E shikoja si mish t\u00eb huaj. Jo nuk e kam njohur, nuk mund t\u00eb drejtonte PD nj\u00eb njeri q\u00eb nuk kishte lidhje me PD. Cdo hap q\u00eb ka ndodhur ka konfirmuar se ai ka ardhur me nj\u00eb axhend\u00eb q\u00eb nuk kishte lidhje me at\u00eb t\u00eb PD. N\u00ebse ka b\u00ebr\u00eb nj\u00eb betej\u00eb n\u00eb jet\u00ebn e tij \u00ebsht\u00eb ajo e karriges.<\/p>","protected":false},"excerpt":{"rendered":"<p>Ish-kryetarja e Kuvendit Jozefina Topalli ka folur p\u00ebr situat\u00ebn politike n\u00eb vend. Ajo u ndal dhe te kreu i PD Lulzim Basha duke u shprehur n\u00eb nj\u00eb intervist\u00eb n\u00eb \u201cSyri tv\u201d se ai dukej si trup i huaj n\u00eb PD, duke shtuar se ardhja e tij n\u00eb Partin\u00eb Demokratike ngjan si artificiale, pasi kishte nj\u00eb [&hellip;]<\/p>\n","protected":false},"author":2031,"featured_media":240345,"comment_status":"closed","ping_status":"closed","sticky":false,"template":"","format":"standard","meta":{"footnotes":""},"categories":[231],"tags":[],"class_list":{"0":"post-240344","1":"post","2":"type-post","3":"status-publish","4":"format-standard","5":"has-post-thumbnail","7":"category-lajme"},"_links":{"self":[{"href":"https:\/\/zjarr.tv\/en\/wp-json\/wp\/v2\/posts\/240344","targetHints":{"allow":["GET"]}}],"collection":[{"href":"https:\/\/zjarr.tv\/en\/wp-json\/wp\/v2\/posts"}],"about":[{"href":"https:\/\/zjarr.tv\/en\/wp-json\/wp\/v2\/types\/post"}],"author":[{"embeddable":true,"href":"https:\/\/zjarr.tv\/en\/wp-json\/wp\/v2\/users\/2031"}],"replies":[{"embeddable":true,"href":"https:\/\/zjarr.tv\/en\/wp-json\/wp\/v2\/comments?post=240344"}],"version-history":[{"count":0,"href":"https:\/\/zjarr.tv\/en\/wp-json\/wp\/v2\/posts\/240344\/revisions"}],"wp:featuredmedia":[{"embeddable":true,"href":"https:\/\/zjarr.tv\/en\/wp-json\/wp\/v2\/media\/240345"}],"wp:attachment":[{"href":"https:\/\/zjarr.tv\/en\/wp-json\/wp\/v2\/media?parent=240344"}],"wp:term":[{"taxonomy":"category","embeddable":true,"href":"https:\/\/zjarr.tv\/en\/wp-json\/wp\/v2\/categories?post=240344"},{"taxonomy":"post_tag","embeddable":true,"href":"https:\/\/zjarr.tv\/en\/wp-json\/wp\/v2\/tags?post=240344"}],"curies":[{"name":"wp","href":"https:\/\/api.w.org\/{rel}","templated":true}]}}