{"id":241913,"date":"2022-03-07T18:58:13","date_gmt":"2022-03-07T17:58:13","guid":{"rendered":"https:\/\/zjarr.tv\/?p=241913"},"modified":"2022-03-07T18:58:13","modified_gmt":"2022-03-07T17:58:13","slug":"gjekmarkaj-kunder-bashes-paloka-uroj-kjo-fryme-te-mbizoteroje-te-grupi-qe-mbeshtesin-ish-kryetarin","status":"publish","type":"post","link":"https:\/\/zjarr.tv\/en\/gjekmarkaj-kunder-bashes-paloka-uroj-kjo-fryme-te-mbizoteroje-te-grupi-qe-mbeshtesin-ish-kryetarin\/","title":{"rendered":"Gjekmarkaj kund\u00ebr Bash\u00ebs, Paloka: Uroj kjo frym\u00eb t\u00eb mbizot\u00ebroj\u00eb te grupi q\u00eb mb\u00ebshtesin ish-kryetarin"},"content":{"rendered":"<p>Deputeti Edi Paloka, \u00ebsht\u00eb shprehur se koalicioni \u201cSht\u00ebpia e Liris\u00eb\u201d tregoi se \u00ebsht\u00eb forca e v\u00ebrtet\u00eb n\u00eb k\u00ebt\u00eb vend.<\/p>\n<p>N\u00eb nj\u00eb intervist\u00eb p\u00ebr Ora News, ai \u00ebsht\u00eb shprehur se Shkodra, tregoi se mbetet bastioni m\u00eb i fuqish\u00ebm i PD.<\/p>\n<p>Edi Paloka: Sht\u00ebpia e Liris\u00eb tregoi q\u00eb \u00ebsht\u00eb forca e v\u00ebrtet\u00eb\u00a0 n\u00eb k\u00ebt\u00eb vend. Shkodra tregoi se mbetet bastioni m\u00eb i fuqish\u00ebm i PD. Kandidat\u00ebt e Bash\u00ebs, u b\u00ebn penges\u00eb p\u00ebr fitoren e PD. Demokrat\u00ebt dhe nj\u00ebher\u00eb i dhan\u00eb besimin atyre q\u00eb i shohin realisht si opozita e k\u00ebtij vendi. Mendova se Basha do t\u00eb b\u00ebnte nj\u00eb sakrific\u00eb t\u00eb vog\u00ebl p\u00ebr ata q\u00eb kan\u00eb sakrifikuar p\u00ebr t\u00eb. Kushdo q\u00eb Shqip\u00ebria t\u00eb mos rrezikoj rikthimin n\u00eb nj\u00eb regjim si ky i Edi Ram\u00ebs, duhet ta braktis k\u00ebt\u00eb njeri dhe t\u00eb rikthehet te PD e v\u00ebrtet\u00eb.<\/p>\n<p>Sipas Palok\u00ebs, Basha edhe k\u00ebsaj radhe tregoi se \u00ebsht\u00eb n\u00eb sh\u00ebrbim t\u00eb atyre q\u00eb duan nj\u00eb opozit\u00eb t\u00eb shkat\u00ebrruar.<\/p>\n<p>Edi Paloka: Fakti q\u00eb Basha edhe pas k\u00ebtij rezultati t\u00eb humbjes, doli e deklaroi se nuk \u00ebsht\u00eb n\u00eb sh\u00ebrbim t\u00eb atyre q\u00eb duan nj\u00eb opozit\u00eb t\u00eb shkat\u00ebrruar.<\/p>\n<p>Lulzim Basha e tregoi se sa mb\u00ebshtetje ka. Ju k\u00ebrkoj t\u00eb gjith\u00eb demokrat\u00ebve,t\u00eb kthehen dhe t\u2019i japin forc\u00ebn e tyre PD. Forca e par\u00eb opozitare jemi ne sepse forc\u00eb tjet\u00ebr q\u00eb mund mposht k\u00ebt\u00eb pushtet nuk ka.<\/p>\n<p>Ai komentoi edhe reagimin e deputetit Agron Gjekmarkaj, pas humbjes s\u00eb Bash\u00ebs, duke th\u00ebn\u00eb se uron q\u00eb nj\u00eb reagim t\u00eb till\u00eb t\u00eb ket\u00eb edhe n\u00eb mbledhjen q\u00eb PD po zhvillon.<\/p>\n<p>Edi Paloka: M\u00eb p\u00eblqeu reagimi i Gjekmarkajt, t\u00eb pakt\u00ebn ka reagim mes atyre jan\u00eb pran\u00eb Bash\u00ebs. E vler\u00ebsova reagimin e Gjekmarkajt, pavar\u00ebsisht q\u00ebndrimeve q\u00eb ka mbajtur gjat\u00eb gjith\u00eb k\u00ebsaj kohe n\u00eb krah\u00eb t\u00eb Bash\u00ebs. Uroj q\u00eb kjo frym\u00eb t\u00eb mbizot\u00ebroj n\u00eb mbledhjen e grupit t\u00eb Bash\u00ebs.<\/p>","protected":false},"excerpt":{"rendered":"<p>Deputeti Edi Paloka, \u00ebsht\u00eb shprehur se koalicioni \u201cSht\u00ebpia e Liris\u00eb\u201d tregoi se \u00ebsht\u00eb forca e v\u00ebrtet\u00eb n\u00eb k\u00ebt\u00eb vend. N\u00eb nj\u00eb intervist\u00eb p\u00ebr Ora News, ai \u00ebsht\u00eb shprehur se Shkodra, tregoi se mbetet bastioni m\u00eb i fuqish\u00ebm i PD. Edi Paloka: Sht\u00ebpia e Liris\u00eb tregoi q\u00eb \u00ebsht\u00eb forca e v\u00ebrtet\u00eb\u00a0 n\u00eb k\u00ebt\u00eb vend. Shkodra tregoi [&hellip;]<\/p>\n","protected":false},"author":2030,"featured_media":145603,"comment_status":"closed","ping_status":"closed","sticky":false,"template":"","format":"standard","meta":{"footnotes":""},"categories":[241,3366,231,1454],"tags":[],"class_list":{"0":"post-241913","1":"post","2":"type-post","3":"status-publish","4":"format-standard","5":"has-post-thumbnail","7":"category-aktualitet","8":"category-koment","9":"category-lajme","10":"category-politike"},"_links":{"self":[{"href":"https:\/\/zjarr.tv\/en\/wp-json\/wp\/v2\/posts\/241913","targetHints":{"allow":["GET"]}}],"collection":[{"href":"https:\/\/zjarr.tv\/en\/wp-json\/wp\/v2\/posts"}],"about":[{"href":"https:\/\/zjarr.tv\/en\/wp-json\/wp\/v2\/types\/post"}],"author":[{"embeddable":true,"href":"https:\/\/zjarr.tv\/en\/wp-json\/wp\/v2\/users\/2030"}],"replies":[{"embeddable":true,"href":"https:\/\/zjarr.tv\/en\/wp-json\/wp\/v2\/comments?post=241913"}],"version-history":[{"count":0,"href":"https:\/\/zjarr.tv\/en\/wp-json\/wp\/v2\/posts\/241913\/revisions"}],"wp:featuredmedia":[{"embeddable":true,"href":"https:\/\/zjarr.tv\/en\/wp-json\/wp\/v2\/media\/145603"}],"wp:attachment":[{"href":"https:\/\/zjarr.tv\/en\/wp-json\/wp\/v2\/media?parent=241913"}],"wp:term":[{"taxonomy":"category","embeddable":true,"href":"https:\/\/zjarr.tv\/en\/wp-json\/wp\/v2\/categories?post=241913"},{"taxonomy":"post_tag","embeddable":true,"href":"https:\/\/zjarr.tv\/en\/wp-json\/wp\/v2\/tags?post=241913"}],"curies":[{"name":"wp","href":"https:\/\/api.w.org\/{rel}","templated":true}]}}