{"id":241921,"date":"2022-03-08T06:26:00","date_gmt":"2022-03-08T05:26:00","guid":{"rendered":"https:\/\/zjarr.tv\/?p=241921"},"modified":"2022-03-08T06:26:42","modified_gmt":"2022-03-08T05:26:42","slug":"skam-humbur-asnje-gare-spahiu-per-deklaratat-e-bashes-pafytyresi-para-shqiptareve-injorojeni","status":"publish","type":"post","link":"https:\/\/zjarr.tv\/en\/skam-humbur-asnje-gare-spahiu-per-deklaratat-e-bashes-pafytyresi-para-shqiptareve-injorojeni\/","title":{"rendered":"\u201cS\u2019kam humbur asnj\u00eb gar\u00eb\u201d, Spahiu p\u00ebr deklaratat e Bash\u00ebs: Pafytyr\u00ebsi para shqiptar\u00ebve, injorojeni"},"content":{"rendered":"<p>Analisti Kreshnik Spahiu komentoi deklaratat e kreut t\u00eb PD Lulzim Basha pas humbjes s\u00eb zgjedhjeve t\u00eb 6 marsit, duke i cil\u00ebsuar si \u201cpafytyr\u00ebsi para shqiptar\u00ebve\u201d.<\/p>\n<p>Ai b\u00ebri thirrje t\u00eb gjith\u00eb shqiptar\u00ebve n\u00eb lidhje Skype me emisionin\u201dOpen\u201d q\u00eb t\u00eb injorojn\u00eb kryedemokratin, duke mos i dh\u00ebn\u00eb m\u00eb r\u00ebnd\u00ebsi.<\/p>\n<p>\u201cM\u00ebnyra psiqike se si shfaqet n\u00eb media, munges\u00eb respekti p\u00ebr shqiptar\u00ebt. Do ftoja njer\u00ebzit t\u00eb mos merren m\u00eb fare me t\u00eb. Ai nuk ka m\u00eb asnj\u00eb r\u00ebnd\u00ebsi politike. L\u00ebreni, injorojeni. N\u00ebse k\u00ebrkoni dor\u00ebheqjen e dikujt q\u00eb nuk \u00ebsht\u00eb m\u00eb askush, \u00ebsht\u00eb t\u2019i jap\u00ebsh r\u00ebnd\u00ebsi kot,\u201d u shpreh Spahiu.<\/p>","protected":false},"excerpt":{"rendered":"<p>Analisti Kreshnik Spahiu komentoi deklaratat e kreut t\u00eb PD Lulzim Basha pas humbjes s\u00eb zgjedhjeve t\u00eb 6 marsit, duke i cil\u00ebsuar si \u201cpafytyr\u00ebsi para shqiptar\u00ebve\u201d. Ai b\u00ebri thirrje t\u00eb gjith\u00eb shqiptar\u00ebve n\u00eb lidhje Skype me emisionin\u201dOpen\u201d q\u00eb t\u00eb injorojn\u00eb kryedemokratin, duke mos i dh\u00ebn\u00eb m\u00eb r\u00ebnd\u00ebsi. \u201cM\u00ebnyra psiqike se si shfaqet n\u00eb media, munges\u00eb respekti [&hellip;]<\/p>\n","protected":false},"author":2031,"featured_media":163438,"comment_status":"closed","ping_status":"closed","sticky":false,"template":"","format":"standard","meta":{"footnotes":""},"categories":[364,231],"tags":[596,312,2159,458],"class_list":{"0":"post-241921","1":"post","2":"type-post","3":"status-publish","4":"format-standard","5":"has-post-thumbnail","7":"category-koment-opinion","8":"category-lajme","9":"tag-basha","10":"tag-lajme","11":"tag-spahiu","12":"tag-zjarrtv"},"_links":{"self":[{"href":"https:\/\/zjarr.tv\/en\/wp-json\/wp\/v2\/posts\/241921","targetHints":{"allow":["GET"]}}],"collection":[{"href":"https:\/\/zjarr.tv\/en\/wp-json\/wp\/v2\/posts"}],"about":[{"href":"https:\/\/zjarr.tv\/en\/wp-json\/wp\/v2\/types\/post"}],"author":[{"embeddable":true,"href":"https:\/\/zjarr.tv\/en\/wp-json\/wp\/v2\/users\/2031"}],"replies":[{"embeddable":true,"href":"https:\/\/zjarr.tv\/en\/wp-json\/wp\/v2\/comments?post=241921"}],"version-history":[{"count":0,"href":"https:\/\/zjarr.tv\/en\/wp-json\/wp\/v2\/posts\/241921\/revisions"}],"wp:featuredmedia":[{"embeddable":true,"href":"https:\/\/zjarr.tv\/en\/wp-json\/wp\/v2\/media\/163438"}],"wp:attachment":[{"href":"https:\/\/zjarr.tv\/en\/wp-json\/wp\/v2\/media?parent=241921"}],"wp:term":[{"taxonomy":"category","embeddable":true,"href":"https:\/\/zjarr.tv\/en\/wp-json\/wp\/v2\/categories?post=241921"},{"taxonomy":"post_tag","embeddable":true,"href":"https:\/\/zjarr.tv\/en\/wp-json\/wp\/v2\/tags?post=241921"}],"curies":[{"name":"wp","href":"https:\/\/api.w.org\/{rel}","templated":true}]}}