{"id":241929,"date":"2022-03-08T06:30:41","date_gmt":"2022-03-08T05:30:41","guid":{"rendered":"https:\/\/zjarr.tv\/?p=241929"},"modified":"2022-03-08T06:30:41","modified_gmt":"2022-03-08T05:30:41","slug":"nuk-fitoi-mandatin-per-kryebashkiak-reagon-kandidati-i-berishes-ne-durres-ardian-muka-do-te-mbroj-cdo-kauze-te-qytetareve","status":"publish","type":"post","link":"https:\/\/zjarr.tv\/en\/nuk-fitoi-mandatin-per-kryebashkiak-reagon-kandidati-i-berishes-ne-durres-ardian-muka-do-te-mbroj-cdo-kauze-te-qytetareve\/","title":{"rendered":"Nuk fitoi mandatin p\u00ebr kryebashkiak, reagon kandidati i Berish\u00ebs n\u00eb Durr\u00ebs Ardian Muka: Do t\u00eb mbroj \u00e7do kauz\u00eb t\u00eb qytetar\u00ebve"},"content":{"rendered":"<p>Kandidati i \u201cSht\u00ebpis\u00eb s\u00eb Liris\u00eb\u201d p\u00ebr Durr\u00ebsin, Ardian Muka ka fal\u00ebnderuar qytetar\u00ebt p\u00ebr vot\u00ebbesimin, duke u premtuar se do t\u00eb jet\u00eb n\u00eb krah t\u00eb tyre p\u00ebr t\u00eb mbrojtur \u00e7do kauz\u00eb. <\/p>\n<p>Ardian Muka u rendit i dyti n\u00eb gar\u00ebn p\u00ebr kryebashkiak, duke marr\u00eb 19.876 vota, nd\u00ebrsa Emiriana Sako u shpall fituese, duke marr\u00eb zyrtarisht Bashkin\u00eb e qytetit bregdetar.<\/p>\n<p>Reagimi i plot\u00eb i Ardian Muk\u00ebs:<\/p>\n<p>T\u00eb dashur qytetar\u00eb, votues t\u00eb djatht\u00eb dhe t\u00eb majt\u00eb, bashk\u00ebpun\u00ebtor\u00eb t\u00eb ngusht\u00eb t\u00eb \u201cSht\u00ebpis\u00eb s\u00eb liris\u00eb\u201d, t\u00eb rinj dhe t\u00eb moshuar, ju p\u00ebrulem p\u00ebrpara mb\u00ebshtetjes q\u00eb m\u00eb keni dh\u00ebn\u00eb n\u00eb k\u00ebt\u00eb fushat\u00eb entuziaste.<\/p>\n<p>Duke falenderuar secilin prej jush, them me bindje se vot\u00ebbesimi juaj nuk do t\u00eb humbas\u00eb kurr\u00eb! Si\u00e7 kam qen\u00eb n\u00eb ball\u00eb t\u00eb p\u00ebrplasjeve m\u00eb t\u00eb v\u00ebshtira prej vitesh, ashtu do t\u00eb vazhdoj q\u00eb t\u00eb p\u00ebrballem p\u00ebr t\u00eb mbrojtur \u00e7do kauz\u00eb dhe \u00e7do interes n\u00eb t\u00eb mir\u00eb t\u00eb qytetit dhe qytetar\u00ebve tan\u00eb t\u00eb dashur.<\/p>\n<p>Sot ne fituam nj\u00eb kauz\u00eb shpirt\u00ebrore dhe morale, kauz\u00ebn e mir\u00ebsis\u00eb qytetare! Prandaj ne m\u00eb shum\u00eb se kurr\u00eb, do t\u00eb vazhdojm\u00eb misionin ton\u00eb p\u00ebr rikthim t\u00eb shpres\u00ebs dhe ndryshimit!<\/p>\n<p>I juaji, Ardi!<\/p>","protected":false},"excerpt":{"rendered":"<p>Kandidati i \u201cSht\u00ebpis\u00eb s\u00eb Liris\u00eb\u201d p\u00ebr Durr\u00ebsin, Ardian Muka ka fal\u00ebnderuar qytetar\u00ebt p\u00ebr vot\u00ebbesimin, duke u premtuar se do t\u00eb jet\u00eb n\u00eb krah t\u00eb tyre p\u00ebr t\u00eb mbrojtur \u00e7do kauz\u00eb. Ardian Muka u rendit i dyti n\u00eb gar\u00ebn p\u00ebr kryebashkiak, duke marr\u00eb 19.876 vota, nd\u00ebrsa Emiriana Sako u shpall fituese, duke marr\u00eb zyrtarisht Bashkin\u00eb e [&hellip;]<\/p>\n","protected":false},"author":2031,"featured_media":241930,"comment_status":"closed","ping_status":"closed","sticky":false,"template":"","format":"standard","meta":{"footnotes":""},"categories":[231],"tags":[],"class_list":{"0":"post-241929","1":"post","2":"type-post","3":"status-publish","4":"format-standard","5":"has-post-thumbnail","7":"category-lajme"},"_links":{"self":[{"href":"https:\/\/zjarr.tv\/en\/wp-json\/wp\/v2\/posts\/241929","targetHints":{"allow":["GET"]}}],"collection":[{"href":"https:\/\/zjarr.tv\/en\/wp-json\/wp\/v2\/posts"}],"about":[{"href":"https:\/\/zjarr.tv\/en\/wp-json\/wp\/v2\/types\/post"}],"author":[{"embeddable":true,"href":"https:\/\/zjarr.tv\/en\/wp-json\/wp\/v2\/users\/2031"}],"replies":[{"embeddable":true,"href":"https:\/\/zjarr.tv\/en\/wp-json\/wp\/v2\/comments?post=241929"}],"version-history":[{"count":0,"href":"https:\/\/zjarr.tv\/en\/wp-json\/wp\/v2\/posts\/241929\/revisions"}],"wp:featuredmedia":[{"embeddable":true,"href":"https:\/\/zjarr.tv\/en\/wp-json\/wp\/v2\/media\/241930"}],"wp:attachment":[{"href":"https:\/\/zjarr.tv\/en\/wp-json\/wp\/v2\/media?parent=241929"}],"wp:term":[{"taxonomy":"category","embeddable":true,"href":"https:\/\/zjarr.tv\/en\/wp-json\/wp\/v2\/categories?post=241929"},{"taxonomy":"post_tag","embeddable":true,"href":"https:\/\/zjarr.tv\/en\/wp-json\/wp\/v2\/tags?post=241929"}],"curies":[{"name":"wp","href":"https:\/\/api.w.org\/{rel}","templated":true}]}}